{"id":6709,"date":"2020-02-26T20:13:20","date_gmt":"2020-02-26T23:13:20","guid":{"rendered":"https:\/\/fapol.org\/blog\/informe-observatorio-sobre-politicas-del-autismo-eol-noviembre-2019\/"},"modified":"2020-02-26T20:13:20","modified_gmt":"2020-02-26T23:13:20","slug":"informe-observatorio-sobre-politicas-del-autismo-eol-noviembre-2019","status":"publish","type":"post","link":"https:\/\/fapol.org\/pt-br\/blog\/informe-observatorio-sobre-politicas-del-autismo-eol-noviembre-2019\/","title":{"rendered":"Informe Observatorio sobre Pol\u00edticas del Autismo &#8211; EOL, Noviembre 2019"},"content":{"rendered":"<div class=\"fusion-fullwidth fullwidth-box fusion-builder-row-1 fusion-flex-container nonhundred-percent-fullwidth non-hundred-percent-height-scrolling\" style=\"--awb-border-radius-top-left:0px;--awb-border-radius-top-right:0px;--awb-border-radius-bottom-right:0px;--awb-border-radius-bottom-left:0px;--awb-flex-wrap:wrap;\" ><div class=\"fusion-builder-row fusion-row fusion-flex-align-items-flex-start fusion-flex-content-wrap\" style=\"max-width:1248px;margin-left: calc(-4% \/ 2 );margin-right: calc(-4% \/ 2 );\"><div class=\"fusion-layout-column fusion_builder_column fusion-builder-column-0 fusion_builder_column_1_1 1_1 fusion-flex-column\" style=\"--awb-bg-size:cover;--awb-width-large:100%;--awb-margin-top-large:0px;--awb-spacing-right-large:1.92%;--awb-margin-bottom-large:20px;--awb-spacing-left-large:1.92%;--awb-width-medium:100%;--awb-order-medium:0;--awb-spacing-right-medium:1.92%;--awb-spacing-left-medium:1.92%;--awb-width-small:100%;--awb-order-small:0;--awb-spacing-right-small:1.92%;--awb-spacing-left-small:1.92%;\"><div class=\"fusion-column-wrapper fusion-column-has-shadow fusion-flex-justify-content-flex-start fusion-content-layout-column\"><div class=\"fusion-text fusion-text-1\"><p style=\"text-align: justify;\"><strong>Responsable<\/strong>: Claudia Lijtinstens<\/p>\n<p style=\"text-align: justify;\"><strong>Equipo de gesti\u00f3n<\/strong>: Camila Gonz\u00e1lez, Eugenia Serrano, Mart\u00edn Cottone y Anal\u00eda Vidal.<\/p>\n<p style=\"text-align: justify;\">Noviembre de 2019<\/p>\n<p style=\"text-align: justify;\">El 19 de septiembre de 2019 se realiz\u00f3 la reuni\u00f3n del Observatorio sobre Pol\u00edticas de Autismo en Sao Paulo, Brasil a la que asistieron los responsables y algunos participantes de los Observatorios de las tres Escuelas Americanas pertenecientes a la FAPOL: EOL, NEL Y EBP.<\/p>\n<p style=\"text-align: justify;\">All\u00ed se produjo la permutaci\u00f3n de los responsables de los Observatorios de cada Escuela y de sus equipos de gesti\u00f3n, adem\u00e1s de realizar el balance del fruct\u00edfero trabajo realizado.<\/p>\n<p style=\"text-align: justify;\">Por la EOL, culminando su trabajo Marita Manzotti, asume sus funciones Claudia Lijtinstens.<br \/>\nPor la NEL: Elida Ganoza.<br \/>\nPor la EBP: Paula Pimenta<\/p>\n<p style=\"text-align: justify;\">Se mantiene una breve reuni\u00f3n con las responsables de los otros Observatorios de la AMP Am\u00e9rica, trazando algunos puntos de anudamiento.<\/p>\n<p style=\"text-align: justify;\">Se establecen algunas primeras coordenadas de trabajo desde septiembre a la fecha:<\/p>\n<p style=\"text-align: justify;\">1-El Observatorio de la EOL contin\u00faa trabajando en tres niveles distintos: a nivel de la\u00a0<strong>legislaci\u00f3n,<\/strong>\u00a0en la perspectiva de la lectura y an\u00e1lisis de las nuevas disposiciones jur\u00eddicas y sus incidencias posibles en nuestro pa\u00eds; a nivel de la\u00a0<strong>extensi\u00f3n,<\/strong>\u00a0difundiendo en \u00e1mbitos diversos la pol\u00edtica sobre el autismo que propone el campo freudiano, y a nivel de la\u00a0<strong>formaci\u00f3n<\/strong>, ligando a sus responsables y equipos a la Escuela y sus Institutos.<\/p>\n<p style=\"text-align: justify;\">2- Trabajo de campo:<br \/>\n-Se relevan 23 Antenas y 1 en formaci\u00f3n.<br \/>\n-Se solicita informaci\u00f3n para actualizar los datos de las Antenas de todo el pa\u00eds y focalizar las modalidades de difusi\u00f3n de sus actividades.<br \/>\n-Se mantiene contacto con Antenas que han requerido asesoramiento y orientaci\u00f3n para poner en forma actividades o destrabar alguna dificultad.<br \/>\n-Se actualizan datos en la p\u00e1gina web de la FAPOL y se elaboran informes para ser presentados a su presidente.<\/p>\n<p style=\"text-align: justify;\">3- Difusi\u00f3n: se organiza la difusi\u00f3n, v\u00eda\u00a0<em>correo electr\u00f3nico<\/em>,\u00a0<em>Facebook<\/em>,\u00a0<em>Instagram<\/em>, en 4 campos de visibilizaci\u00f3n:<\/p>\n<ul style=\"text-align: justify;\">\n<li>El espacio S.O.S.: sitio virtual de informaci\u00f3n relevante en la materia.<\/li>\n<li>Rese\u00f1as de actividades realizadas por cada Antena.<\/li>\n<li>Extensi\u00f3n de pol\u00edticas del autismo (otros espacios y actividades relacionados al autismo).<\/li>\n<li>Agendas (futuras actividades) del Observatorio y de cada una de sus Antenas.<\/li>\n<\/ul>\n<p style=\"text-align: justify;\">4- Reuni\u00f3n: Se llevar\u00e1 a cabo la primera reuni\u00f3n de la nueva gesti\u00f3n del Observatorio de P.A., en ocasi\u00f3n de las XXVIII Jornadas de la EOL, el domingo 1\u00ba de diciembre de 2019, a las 13hs. (Sal\u00f3n\u00a0<em>Mocoret\u00e1<\/em>).<\/p>\n<p style=\"text-align: justify;\">5-Poyecto 2020:<br \/>\n-Presentaci\u00f3n del libro 13 de marzo 2020: \u201cAutismo, problemas cruciales para el psicoan\u00e1lisis\u201d, en el que se vuelca el trabajo de las I\u00ba Jornadas del Observatorio.<br \/>\n&#8211; Se prev\u00e9 una Reuni\u00f3n del Observatorio en el marco del XII Congreso de la AMP (BS. As.), con colegas de las tres Escuelas, el d\u00eda 11 de Abril 2020.<br \/>\n-Se organizar\u00e1n las II Jornadas del Observatorio.<\/p>\n<p style=\"text-align: justify;\">Se resume a continuaci\u00f3n el trabajo realizado en este tiempo por algunas de las Antenas:<\/p>\n<p style=\"text-align: justify;\"><strong>Antena CABA<\/strong><br \/>\nAuspicia el I\u00ba Congreso Internacional de Inclusi\u00f3n Escolar (3 y 4\/10\/19), en la ciudad de Buenos Aires.<\/p>\n<p style=\"text-align: justify;\"><strong>Antena C\u00f3rdoba<\/strong><br \/>\nParticipa de la Jornada de reflexi\u00f3n &#8220;La huella educativa en el autismo&#8221; organizada por el Programa El Barrilete (20\/09\/2019), junto a autoridades del Ministerio de Educaci\u00f3n de la Pcia. de Cba., responsables de Escuelas de modalidad especial, Centros Educativos Terap\u00e9uticos, referentes de organismos de minoridad y salud mental, referentes del CIEC y de la EOL, entre otros.<br \/>\nSe participa del 5\u00ba Ateneo Cl\u00ednico en la Fundaci\u00f3n AVENIR (22\/11\/19).<\/p>\n<p style=\"text-align: justify;\"><strong>Antena Santa Fe<\/strong><br \/>\nHa sido invitada por el Equipo Profesional de la Residencia Interdisciplinaria de Salud Mental (RISaM) de Paran\u00e1 -Entre R\u00edos- a dictar dos Talleres sobre Autismo, en el mes de septiembre y octubre del corriente.<br \/>\nRealiza las I\u00ba Jornadas de la Antena, en la EOL Secci\u00f3n Santa Fe (22\/11\/19).<br \/>\nSostiene el espacio de supervisi\u00f3n cl\u00ednica destinado a acompa\u00f1antes de trayectorias escolares.<\/p>\n<p style=\"text-align: justify;\"><strong>Antena La Plata<\/strong><br \/>\nSe realiza una Conversaci\u00f3n te\u00f3rico-cl\u00ednica (28\/10\/19).<br \/>\nSe realiz\u00f3 una Conversaci\u00f3n con las Unidades Sanitarias y Centros de Salud en la que se comparten experiencias cl\u00ednicas y situaciones institucionales particulares, participando de la misma integrantes de la Antena La Plata y profesionales de la salud p\u00fablica municipal.<br \/>\nSe proyecta la pel\u00edcula \u201cOtras Voces\u201d, en el marco de \u201cLecturas de la EOL (Secc LP) con la participaci\u00f3n de numerosos miembros, asociados y p\u00fablico en general.<\/p>\n<p style=\"text-align: justify;\"><strong>Antena Mendoza<\/strong><br \/>\nSe realiza una actividad mensual de 4hs. reloj en una materia opcional (planificada en el a\u00f1o 2016) para la Especialidad de Psicoan\u00e1lisis y articulada a la Asociaci\u00f3n Cuyana de Estudios Psicoanal\u00edticos (ACEP) y al Colegio de Psic\u00f3logos provincial. Agosto a Noviembre\/ 2019.<br \/>\nSe realiza una video conferencia a cargo de Silvia Elena Tendlarz.<br \/>\nEl 22 de noviembre el equipo de la Antena San Juan fue invitado a trabajar Dispositivos en el \u00e1rea de Educaci\u00f3n, junto al Hospital Notti para dar cuenta del trabajo en dispositivos de Salud.<br \/>\nSe dicta en octubre clase sobre autismo desarrollada por la Antena Cuyo Mendoza en la ciudad de San Rafael en el marco del post\u00edtulo en Educaci\u00f3n de la Escuela Normal de esa ciudad.<\/p>\n<p style=\"text-align: justify;\"><strong>Antena Bah\u00eda Blanca<\/strong><br \/>\nSe planea proyectar la pel\u00edcula \u201cTemple Grandin\u201d (de Mick Jackson, 2010), junto al espacio de Cine y psicoan\u00e1lisis del CID Bah\u00eda Blanca, perteneciente al IOM2.<\/p>\n<p style=\"text-align: justify;\"><strong>Antena CABA Oeste<\/strong><br \/>\nSe present\u00f3 el trabajo \u201cQu\u00e9 le ense\u00f1a el autismo a la inclusi\u00f3n escolar\u201d en el I\u00ba Congreso Internacional sobre Inclusi\u00f3n Educativa (octubre 2019), organizado por la UNTREF.<br \/>\nSe realiza proyecci\u00f3n y debate de la pel\u00edcula \u201cOtras Voces\u201d en el Servicio de Adolescentes del Hospital Penna, (noviembre 2019).<\/p>\n<p style=\"text-align: justify;\"><strong>Antena Tierra del Fuego<\/strong><br \/>\nSe realiza Conversaci\u00f3n Cl\u00ednica \u201cEspacios posibles para cuerpos sin armar&#8221;, junto a Blanca S\u00e1nchez y colegas del Observatorio (con presentaciones a cargo de CAISA, Puentes y Alojar), (01\/11\/19).<\/p>\n<p style=\"text-align: justify;\"><strong>Antena R\u00edo Negro<\/strong><br \/>\nContin\u00faa con reuniones quincenales de los Grupos de Investigaci\u00f3n.<\/p>\n<\/div><\/div><\/div><\/div><\/div>\n","protected":false},"excerpt":{"rendered":"","protected":false},"author":1,"featured_media":0,"comment_status":"open","ping_status":"open","sticky":false,"template":"","format":"standard","meta":{"_monsterinsights_skip_tracking":false,"_monsterinsights_sitenote_active":false,"_monsterinsights_sitenote_note":"","_monsterinsights_sitenote_category":0,"footnotes":""},"categories":[128,129],"tags":[],"class_list":["post-6709","post","type-post","status-publish","format-standard","hentry","category-informes-autismo-pt-br","category-observatorios-pt-br"],"_links":{"self":[{"href":"https:\/\/fapol.org\/pt-br\/wp-json\/wp\/v2\/posts\/6709","targetHints":{"allow":["GET"]}}],"collection":[{"href":"https:\/\/fapol.org\/pt-br\/wp-json\/wp\/v2\/posts"}],"about":[{"href":"https:\/\/fapol.org\/pt-br\/wp-json\/wp\/v2\/types\/post"}],"author":[{"embeddable":true,"href":"https:\/\/fapol.org\/pt-br\/wp-json\/wp\/v2\/users\/1"}],"replies":[{"embeddable":true,"href":"https:\/\/fapol.org\/pt-br\/wp-json\/wp\/v2\/comments?post=6709"}],"version-history":[{"count":0,"href":"https:\/\/fapol.org\/pt-br\/wp-json\/wp\/v2\/posts\/6709\/revisions"}],"wp:attachment":[{"href":"https:\/\/fapol.org\/pt-br\/wp-json\/wp\/v2\/media?parent=6709"}],"wp:term":[{"taxonomy":"category","embeddable":true,"href":"https:\/\/fapol.org\/pt-br\/wp-json\/wp\/v2\/categories?post=6709"},{"taxonomy":"post_tag","embeddable":true,"href":"https:\/\/fapol.org\/pt-br\/wp-json\/wp\/v2\/tags?post=6709"}],"curies":[{"name":"wp","href":"https:\/\/api.w.org\/{rel}","templated":true}]}}