{"id":6728,"date":"2018-06-21T05:01:06","date_gmt":"2018-06-21T08:01:06","guid":{"rendered":"https:\/\/fapol.org\/blog\/seminario-internacional-itaipu-en-la-triple-frontera-2018\/"},"modified":"2018-06-21T05:01:06","modified_gmt":"2018-06-21T08:01:06","slug":"seminario-internacional-itaipu-en-la-triple-frontera-2018","status":"publish","type":"post","link":"https:\/\/fapol.org\/pt-br\/blog\/seminario-internacional-itaipu-en-la-triple-frontera-2018\/","title":{"rendered":"Seminario Internacional Itaip\u00fa. En la triple frontera &#8211; 2018"},"content":{"rendered":"<div class=\"fusion-fullwidth fullwidth-box fusion-builder-row-1 fusion-flex-container nonhundred-percent-fullwidth non-hundred-percent-height-scrolling\" style=\"--awb-border-radius-top-left:0px;--awb-border-radius-top-right:0px;--awb-border-radius-bottom-right:0px;--awb-border-radius-bottom-left:0px;--awb-flex-wrap:wrap;\" ><div class=\"fusion-builder-row fusion-row fusion-flex-align-items-flex-start fusion-flex-content-wrap\" style=\"max-width:1248px;margin-left: calc(-4% \/ 2 );margin-right: calc(-4% \/ 2 );\"><div class=\"fusion-layout-column fusion_builder_column fusion-builder-column-0 fusion_builder_column_1_1 1_1 fusion-flex-column\" style=\"--awb-bg-size:cover;--awb-width-large:100%;--awb-margin-top-large:0px;--awb-spacing-right-large:1.92%;--awb-margin-bottom-large:20px;--awb-spacing-left-large:1.92%;--awb-width-medium:100%;--awb-order-medium:0;--awb-spacing-right-medium:1.92%;--awb-spacing-left-medium:1.92%;--awb-width-small:100%;--awb-order-small:0;--awb-spacing-right-small:1.92%;--awb-spacing-left-small:1.92%;\"><div class=\"fusion-column-wrapper fusion-column-has-shadow fusion-flex-justify-content-flex-start fusion-content-layout-column\"><div class=\"fusion-text fusion-text-1\"><div>\n<p style=\"text-align: justify;\">El pasado 19 de mayo comenz\u00f3, en la triple frontera (Paraguay, Brasil, Argentina), el segundo a\u00f1o del Seminario Internacional Itaip\u00fa.<\/p>\n<p style=\"text-align: justify;\">El tema de este a\u00f1o es la cl\u00ednica de las psicosis, debido a la decisi\u00f3n de tomar un eje af\u00edn al congreso de la AMP en los a\u00f1os pares y otro af\u00edn al ENAPOL en los a\u00f1os impares.<\/p>\n<p style=\"text-align: justify;\">El plantel docente encargado de las 12 clases semipresenciales que se dictar\u00e1n a lo largo del a\u00f1o 2018 se ha ampliado, y ahora est\u00e1 constituido por dos representantes de cada Escuela: Gabriela Urriolagoitia y Carlos M\u00e1rquez por la NEL, Marcelo Veras y C\u00e9sar Skaf por la EBP, y Paula Vallejo y Gerardo Arenas por la EOL. Debido a sus nuevas funciones en la NEL-CDMX, Ana Vigan\u00f3 se vio impedida de continuar. Se decidi\u00f3 introducir un mecanismo de permutaci\u00f3n de los docentes cada dos a\u00f1os.<\/p>\n<p style=\"text-align: justify;\">El objetivo del Seminario Internacional Itaip\u00fa es crear una comunidad de trabajo en la triple frontera, con el aporte de las tres Escuelas americanas, mediante la constituci\u00f3n de una lengua com\u00fan.<\/p>\n<p style=\"text-align: justify;\">La clase inaugural fue dictada por Gerardo Arenas en Ciudad del Este. A las responsables locales del a\u00f1o pasado, Irma Gonz\u00e1lez (Paraguay) y Joice Buzanelo (Brasil), se sum\u00f3 este a\u00f1o la colaboraci\u00f3n de Bel\u00e9n Vigil (Argentina).<\/p>\n<p style=\"text-align: justify;\">El entusiasmo de estudiantes y profesionales suscitado por el seminario se materializ\u00f3 adem\u00e1s en la constituci\u00f3n del segundo c\u00e1rtel paraguayo, el d\u00eda mismo de la inauguraci\u00f3n de las actividades.<\/p>\n<\/div>\n<\/div><\/div><\/div><\/div><\/div>\n","protected":false},"excerpt":{"rendered":"","protected":false},"author":1,"featured_media":0,"comment_status":"open","ping_status":"open","sticky":false,"template":"","format":"standard","meta":{"_monsterinsights_skip_tracking":false,"_monsterinsights_sitenote_active":false,"_monsterinsights_sitenote_note":"","_monsterinsights_sitenote_category":0,"footnotes":""},"categories":[137,126],"tags":[],"class_list":["post-6728","post","type-post","status-publish","format-standard","hentry","category-informes-iufi-pt-br","category-redes-pt-br"],"_links":{"self":[{"href":"https:\/\/fapol.org\/pt-br\/wp-json\/wp\/v2\/posts\/6728","targetHints":{"allow":["GET"]}}],"collection":[{"href":"https:\/\/fapol.org\/pt-br\/wp-json\/wp\/v2\/posts"}],"about":[{"href":"https:\/\/fapol.org\/pt-br\/wp-json\/wp\/v2\/types\/post"}],"author":[{"embeddable":true,"href":"https:\/\/fapol.org\/pt-br\/wp-json\/wp\/v2\/users\/1"}],"replies":[{"embeddable":true,"href":"https:\/\/fapol.org\/pt-br\/wp-json\/wp\/v2\/comments?post=6728"}],"version-history":[{"count":0,"href":"https:\/\/fapol.org\/pt-br\/wp-json\/wp\/v2\/posts\/6728\/revisions"}],"wp:attachment":[{"href":"https:\/\/fapol.org\/pt-br\/wp-json\/wp\/v2\/media?parent=6728"}],"wp:term":[{"taxonomy":"category","embeddable":true,"href":"https:\/\/fapol.org\/pt-br\/wp-json\/wp\/v2\/categories?post=6728"},{"taxonomy":"post_tag","embeddable":true,"href":"https:\/\/fapol.org\/pt-br\/wp-json\/wp\/v2\/tags?post=6728"}],"curies":[{"name":"wp","href":"https:\/\/api.w.org\/{rel}","templated":true}]}}