{"id":6736,"date":"2018-03-19T19:42:40","date_gmt":"2018-03-19T22:42:40","guid":{"rendered":"https:\/\/fapol.org\/blog\/pautas-para-la-reunion-del-observatorio-de-infancias-en-barcelona-abril-2018\/"},"modified":"2018-03-19T19:42:40","modified_gmt":"2018-03-19T22:42:40","slug":"pautas-para-la-reunion-del-observatorio-de-infancias-en-barcelona-abril-2018","status":"publish","type":"post","link":"https:\/\/fapol.org\/pt-br\/blog\/pautas-para-la-reunion-del-observatorio-de-infancias-en-barcelona-abril-2018\/","title":{"rendered":"Pautas para la reuni\u00f3n del Observatorio de Infancias en Barcelona &#8211; Abril 2018"},"content":{"rendered":"<div class=\"fusion-fullwidth fullwidth-box fusion-builder-row-1 fusion-flex-container nonhundred-percent-fullwidth non-hundred-percent-height-scrolling\" style=\"--awb-border-radius-top-left:0px;--awb-border-radius-top-right:0px;--awb-border-radius-bottom-right:0px;--awb-border-radius-bottom-left:0px;--awb-flex-wrap:wrap;\" ><div class=\"fusion-builder-row fusion-row fusion-flex-align-items-flex-start fusion-flex-content-wrap\" style=\"max-width:1248px;margin-left: calc(-4% \/ 2 );margin-right: calc(-4% \/ 2 );\"><div class=\"fusion-layout-column fusion_builder_column fusion-builder-column-0 fusion_builder_column_1_1 1_1 fusion-flex-column\" style=\"--awb-bg-size:cover;--awb-width-large:100%;--awb-margin-top-large:0px;--awb-spacing-right-large:1.92%;--awb-margin-bottom-large:20px;--awb-spacing-left-large:1.92%;--awb-width-medium:100%;--awb-order-medium:0;--awb-spacing-right-medium:1.92%;--awb-spacing-left-medium:1.92%;--awb-width-small:100%;--awb-order-small:0;--awb-spacing-right-small:1.92%;--awb-spacing-left-small:1.92%;\"><div class=\"fusion-column-wrapper fusion-column-has-shadow fusion-flex-justify-content-flex-start fusion-content-layout-column\"><div class=\"fusion-text fusion-text-1\"><div>\n<ol>\n<li style=\"text-align: justify;\">Reflexionar sobre las consecuencias inmediatas de los cambios de nominaci\u00f3n del Observatorio, para nuestra pol\u00edtica y para las acciones del mismo, visto que promueve una apertura, que tambi\u00e9n conlleva el riesgo de abrirnos a muchos frentes de trabajo. Por ejemplo, estar\u00eda bien precisar si las &#8220;infancias&#8221; sit\u00faa mejor la relaci\u00f3n del ni\u00f1o con la \u00e9poca. \u00bfSe trata todav\u00eda del ni\u00f1o generalizado? O \u00bfel plural de infancia\/s indica alguna particularidad acerca del ni\u00f1o, la escuela, el orden m\u00e9dico y el jur\u00eddico?<\/li>\n<li style=\"text-align: justify;\">Considerando que el objetivo de investigaci\u00f3n del Observatorio y de iniciativas como el CIEN y CREDA es lo mismo, proponemos una nueva discusi\u00f3n entre las relaciones de estas instancias, con el objetivo de precisar, cada vez m\u00e1s, nuestro campo de acci\u00f3n.<\/li>\n<li style=\"text-align: justify;\">La relaci\u00f3n con las instituciones.<br \/>\nPensar b\u00e1sicamente el peso de la escuela, en el punto de las decisiones de pol\u00edticas que se implementan, m\u00e1s a\u00fan que otras instituciones. La implementaci\u00f3n del M- Chat es un hecho que se impone y, al parecer, no abarca solo al autismo.<br \/>\nInstituciones asistenciales. Hospitales, centros de salud, hospitales de d\u00eda, talleres, etc.<\/li>\n<li style=\"text-align: justify;\">Campos de di\u00e1logos do Observat\u00f3rio:<br \/>\n4.1) La Universidad &#8211; estamos buscando interesados en el malestar del ni\u00f1o en la contemporaneidad, para proponernos acciones lacanianas.<br \/>\n4.2) ONGS<br \/>\n4.3) Poder Judicial, dos cuestiones despiertan la mirada del Observatorio: la crisis migratoria por la cual pasa Brasil y sus consecuencias para el futuro de los ni\u00f1os y la decisi\u00f3n del 2do grupo del Supremo Tribunal Federal que deliber\u00f3 que &#8220;mujeres presas preventivamente y adolescentes internadas que est\u00e9n embarazadas, amamantando o que tengan hijos de hasta 12 a\u00f1os deben cumplir prisi\u00f3n domiciliaria, efectuando as\u00ed, lo que estipula el Marco Legal de la Primera Infancia, aprobado en 2016&#8221;.<br \/>\n&#8211; Otro aspecto en relaci\u00f3n con lo jur\u00eddico es el derecho a la identidad de g\u00e9nero en ni\u00f1os, el lugar de los padres y, desde un punto estrictamente anal\u00edtico pensar las identificaciones directas a la sexualidad de uno de los padres, m\u00e1s all\u00e1 de las identificaciones ed\u00edpicas. (Ver por ejemplo el texto de E. Laurent en Lacaniana 18 \u00bfEl psicoan\u00e1lisis se cura de la transferencia?, y la entrevista publicada en Rayuela 02 de junio 2017, en relaci\u00f3n a lo mismo.)<br \/>\n4.4) Instituciones de asistencia, hospitales, centros de salud, etc. Sobre todo con neur\u00f3logos, pediatras y hebiatras.<br \/>\n4.5) El poder pol\u00edtico. En Argentina hay una experiencia previa al Observatorio en el tema del autismo de di\u00e1logo con legisladores nacionales y provinciales que debemos continuar ahora desde el Observatorio. Seguramente en este punto coincidiremos con el Observatorio de autismo.<br \/>\nDe hecho, el di\u00e1logo con este Observatorio debe ser constante, dado que Infancias y pol\u00edticas del autismo (dejamos lo equ\u00edvoco de la expresi\u00f3n ex profeso) son temas que las dos instancias comparten.<\/li>\n<li style=\"text-align: justify;\">Campos de investigaci\u00f3n<br \/>\n5.1) Lugar del ni\u00f1o en la familia.<br \/>\n5.2) An\u00e1lisis cr\u00edtico del consumo, teniendo como objetivo al ni\u00f1o.<br \/>\n5.3) Los ni\u00f1os del Uno, punto de dialogo con el Observatorio de Pol\u00edticas sobre el Autismo.<br \/>\n5.6) Neuropediatr\u00eda y neurodesarrollo. La intervenci\u00f3n anal\u00edtica.<br \/>\n5.7)\u00a0<i>Bullying<\/i><\/li>\n<li style=\"text-align: justify;\"><i>Facebook<\/i>\u00a0y su log\u00edstica en el Observatorio.<\/li>\n<li style=\"text-align: justify;\">Lo que ocurre<\/li>\n<\/ol>\n<p style=\"text-align: justify;\">La din\u00e1mica durante la reuni\u00f3n ser\u00eda que distintos participantes de las tres Escuelas incluidas en el Observatorio, planteen y desarrollen brevemente los distintos puntos aqu\u00ed presentado para luego abrir el di\u00e1logo con los participantes en la reuni\u00f3n.<\/p>\n<\/div>\n<\/div><\/div><\/div><\/div><\/div>\n","protected":false},"excerpt":{"rendered":"","protected":false},"author":1,"featured_media":0,"comment_status":"open","ping_status":"open","sticky":false,"template":"","format":"standard","meta":{"_monsterinsights_skip_tracking":false,"_monsterinsights_sitenote_active":false,"_monsterinsights_sitenote_note":"","_monsterinsights_sitenote_category":0,"footnotes":""},"categories":[138,129],"tags":[],"class_list":["post-6736","post","type-post","status-publish","format-standard","hentry","category-informes-infancias-pt-br","category-observatorios-pt-br"],"_links":{"self":[{"href":"https:\/\/fapol.org\/pt-br\/wp-json\/wp\/v2\/posts\/6736","targetHints":{"allow":["GET"]}}],"collection":[{"href":"https:\/\/fapol.org\/pt-br\/wp-json\/wp\/v2\/posts"}],"about":[{"href":"https:\/\/fapol.org\/pt-br\/wp-json\/wp\/v2\/types\/post"}],"author":[{"embeddable":true,"href":"https:\/\/fapol.org\/pt-br\/wp-json\/wp\/v2\/users\/1"}],"replies":[{"embeddable":true,"href":"https:\/\/fapol.org\/pt-br\/wp-json\/wp\/v2\/comments?post=6736"}],"version-history":[{"count":0,"href":"https:\/\/fapol.org\/pt-br\/wp-json\/wp\/v2\/posts\/6736\/revisions"}],"wp:attachment":[{"href":"https:\/\/fapol.org\/pt-br\/wp-json\/wp\/v2\/media?parent=6736"}],"wp:term":[{"taxonomy":"category","embeddable":true,"href":"https:\/\/fapol.org\/pt-br\/wp-json\/wp\/v2\/categories?post=6736"},{"taxonomy":"post_tag","embeddable":true,"href":"https:\/\/fapol.org\/pt-br\/wp-json\/wp\/v2\/tags?post=6736"}],"curies":[{"name":"wp","href":"https:\/\/api.w.org\/{rel}","templated":true}]}}