{"id":6744,"date":"2017-11-14T02:20:43","date_gmt":"2017-11-14T05:20:43","guid":{"rendered":"https:\/\/fapol.org\/blog\/noche-del-observatorio-de-infancia-medicalizada-eol-novimbre-2017\/"},"modified":"2017-11-14T02:20:43","modified_gmt":"2017-11-14T05:20:43","slug":"noche-del-observatorio-de-infancia-medicalizada-eol-novimbre-2017","status":"publish","type":"post","link":"https:\/\/fapol.org\/pt-br\/blog\/noche-del-observatorio-de-infancia-medicalizada-eol-novimbre-2017\/","title":{"rendered":"Noche del Observatorio de Infancia Medicalizada &#8211; EOL, Novimbre 2017"},"content":{"rendered":"<div class=\"fusion-fullwidth fullwidth-box fusion-builder-row-1 fusion-flex-container nonhundred-percent-fullwidth non-hundred-percent-height-scrolling\" style=\"--awb-border-radius-top-left:0px;--awb-border-radius-top-right:0px;--awb-border-radius-bottom-right:0px;--awb-border-radius-bottom-left:0px;--awb-flex-wrap:wrap;\" ><div class=\"fusion-builder-row fusion-row fusion-flex-align-items-flex-start fusion-flex-content-wrap\" style=\"max-width:1248px;margin-left: calc(-4% \/ 2 );margin-right: calc(-4% \/ 2 );\"><div class=\"fusion-layout-column fusion_builder_column fusion-builder-column-0 fusion_builder_column_1_1 1_1 fusion-flex-column\" style=\"--awb-bg-size:cover;--awb-width-large:100%;--awb-margin-top-large:0px;--awb-spacing-right-large:1.92%;--awb-margin-bottom-large:20px;--awb-spacing-left-large:1.92%;--awb-width-medium:100%;--awb-order-medium:0;--awb-spacing-right-medium:1.92%;--awb-spacing-left-medium:1.92%;--awb-width-small:100%;--awb-order-small:0;--awb-spacing-right-small:1.92%;--awb-spacing-left-small:1.92%;\"><div class=\"fusion-column-wrapper fusion-column-has-shadow fusion-flex-justify-content-flex-start fusion-content-layout-column\"><div class=\"fusion-text fusion-text-1\"><div class=\"autor\" style=\"text-align: justify;\">Por <strong>Camila Candioti<\/strong><\/div>\n<div>\n<p style=\"text-align: justify;\">Sin &#8220;protocolos&#8221; y al ritmo del inter\u00e9s que provoc\u00f3 la formulaci\u00f3n &#8220;<b><i>chalecos para todos<\/i><\/b>&#8220;, la Noche de FAPOL dio comienzo con la palabra de los responsables del Observatorio de Medicalizaci\u00f3n de la Infancia: Diana Campolongo y Gustavo Stiglitz.<\/p>\n<p style=\"text-align: justify;\">Se transmitieron los ejes del informe de las tres escuelas (EBP, NEL, EOL) elaborados en septiembre \u00faltimo, en el marco del ENAPOL. Que dan cuenta del pasaje del antiguo\u00a0<b>&#8220;<i>chaleco de<\/i><\/b>\u00a0<b><i>fuerza<\/i>&#8220;,<\/b>\u00a0al moderno\u00a0<b>&#8220;<i>chaleco qu\u00edmico<\/i>&#8220;<\/b>, a la moda actual del\u00a0<b>&#8220;<i>chaleco ideol\u00f3gico<\/i>&#8220;.<\/b>\u00a0Es decir, del tradicional intento de normalizar la locura, se pas\u00f3 a la ampliaci\u00f3n y difuminaci\u00f3n del control m\u00e9dico m\u00e1s all\u00e1 de la enfermedad; hasta la actualidad, en la que se potencian estrategias de colonizaci\u00f3n simb\u00f3lico\/reales \u2013de todos los individuos- a trav\u00e9s de discursos y objetos tales como el\u00a0<b>&#8220;<i>capita<\/i>l\u00a0<i>mental<\/i>&#8220;<\/b>\u00a0y los\u00a0<b>&#8220;<i>chalecos de peso<\/i>&#8220;<\/b>, respectivamente.<\/p>\n<p style=\"text-align: justify;\">As\u00ed mismo, j\u00f3venes analistas del Hospital Pi\u00f1ero presentaron dos vi\u00f1etas cl\u00ednicas. Dos casos de\u00a0<b>ni\u00f1os autistas<\/b>\u00a0en los que, la posici\u00f3n e intervenci\u00f3n\u00a0<b>del discurso anal\u00edtico, hace la diferencia, en favor de la singularidad.<\/b>\u00a0Lo real del autismo en la infancia, que angustia a los padres y actores sociales, desata los dioses oscuros de la\u00a0<b>patologizaci\u00f3n, segregaci\u00f3n y medicalizaci\u00f3n<\/b>. Sin embargo, las contribuciones dieron cuenta de que, en el entrecruzamiento con la escuela, el hospital, lo p\u00fablico, lo privado, la inter-diciplina,<b>\u00a0es posible<\/b>\u00a0<b>localizar intersticios o puntos de fuga en los que el analista se sabe hacer lugar, demostrando su eficacia.<\/b><\/p>\n<p style=\"text-align: justify;\">Se extrae de all\u00ed tambi\u00e9n,\u00a0<b>la falsa oposici\u00f3n entre pharmako y psicoan\u00e1lisis<\/b>, evocando una contribuci\u00f3n del Observatorio de la EBP, que realizara este a\u00f1o una entrevista a Mar\u00ede Helene Brousse. Quedando clara la\u00a0<b>diferencia entre medicaci\u00f3n y medicalizaci\u00f3n<\/b>; debi\u00e9ndose esta \u00faltima, a la pretensi\u00f3n de la hegemon\u00eda del poder m\u00e9dico, al precio de funcionar como dispositivo \u2013sobresaliente- de control social. En clave anal\u00edtica, diremos que, la medicalizaci\u00f3n de la vida cotidiana, se encuentra en consonancia a la declinaci\u00f3n de lo simb\u00f3lico y la intervenci\u00f3n directa sobre lo real del cuerpo; siendo el ni\u00f1o, desde su condici\u00f3n infantil (infans = sin voz) un espacio privilegiado para el ejercicio de dicha dominaci\u00f3n.<\/p>\n<p style=\"text-align: justify;\">La infancia bajo control, el ni\u00f1o como objeto de mercado, consumidor consumido, nos lleva al campo de la pol\u00edtica de los cuerpos. De all\u00ed que, aquello que anuda las diversas modalidades de control social, de la que es objeto la infancia, no es otra cosa que la biopol\u00edtica aplicada a la ni\u00f1ez.<\/p>\n<p style=\"text-align: justify;\">Finalmente, dicha conceptualizaci\u00f3n, aporta un giro m\u00e1s al curso de las investigaciones del Observatorio, que consideraremos en adelante.<\/p>\n<p style=\"text-align: justify;\"><b>Integrantes:\u00a0<\/b>Camila Candioti, Claudia Castillo, Gast\u00f3n Cottino<b>,\u00a0<\/b>Marcela Errecondo, Norma Alicia Sierra<b>,\u00a0<\/b>Alvaro Stella.<\/p>\n<p style=\"text-align: justify;\"><b>Colaboradores:\u00a0<\/b>Gabriela Albornoz Pacheco<b>,\u00a0<\/b>Antonella Gabutti<b>,\u00a0<\/b>Andrea Mart\u00edn, Mora Torregiani.<\/p>\n<p style=\"text-align: justify;\"><b>Responsables:\u00a0<\/b>Diana Campolongo<b>,\u00a0<\/b>Gustavo Stiglitz.<\/p>\n<\/div>\n<\/div><\/div><\/div><\/div><\/div>\n","protected":false},"excerpt":{"rendered":"","protected":false},"author":1,"featured_media":0,"comment_status":"open","ping_status":"open","sticky":false,"template":"","format":"standard","meta":{"_monsterinsights_skip_tracking":false,"_monsterinsights_sitenote_active":false,"_monsterinsights_sitenote_note":"","_monsterinsights_sitenote_category":0,"footnotes":""},"categories":[138,129],"tags":[],"class_list":["post-6744","post","type-post","status-publish","format-standard","hentry","category-informes-infancias-pt-br","category-observatorios-pt-br"],"_links":{"self":[{"href":"https:\/\/fapol.org\/pt-br\/wp-json\/wp\/v2\/posts\/6744","targetHints":{"allow":["GET"]}}],"collection":[{"href":"https:\/\/fapol.org\/pt-br\/wp-json\/wp\/v2\/posts"}],"about":[{"href":"https:\/\/fapol.org\/pt-br\/wp-json\/wp\/v2\/types\/post"}],"author":[{"embeddable":true,"href":"https:\/\/fapol.org\/pt-br\/wp-json\/wp\/v2\/users\/1"}],"replies":[{"embeddable":true,"href":"https:\/\/fapol.org\/pt-br\/wp-json\/wp\/v2\/comments?post=6744"}],"version-history":[{"count":0,"href":"https:\/\/fapol.org\/pt-br\/wp-json\/wp\/v2\/posts\/6744\/revisions"}],"wp:attachment":[{"href":"https:\/\/fapol.org\/pt-br\/wp-json\/wp\/v2\/media?parent=6744"}],"wp:term":[{"taxonomy":"category","embeddable":true,"href":"https:\/\/fapol.org\/pt-br\/wp-json\/wp\/v2\/categories?post=6744"},{"taxonomy":"post_tag","embeddable":true,"href":"https:\/\/fapol.org\/pt-br\/wp-json\/wp\/v2\/tags?post=6744"}],"curies":[{"name":"wp","href":"https:\/\/api.w.org\/{rel}","templated":true}]}}