{"id":6747,"date":"2017-10-11T07:28:50","date_gmt":"2017-10-11T10:28:50","guid":{"rendered":"https:\/\/fapol.org\/blog\/resena-del-libro-mas-alla-del-genero-el-cuerpo-del-adolescente-y-sus-sintomas-observatorio-genero-biopolitica-y-transexualismo-ebp\/"},"modified":"2017-10-11T07:28:50","modified_gmt":"2017-10-11T10:28:50","slug":"resena-del-libro-mas-alla-del-genero-el-cuerpo-del-adolescente-y-sus-sintomas-observatorio-genero-biopolitica-y-transexualismo-ebp","status":"publish","type":"post","link":"https:\/\/fapol.org\/pt-br\/blog\/resena-del-libro-mas-alla-del-genero-el-cuerpo-del-adolescente-y-sus-sintomas-observatorio-genero-biopolitica-y-transexualismo-ebp\/","title":{"rendered":"Rese\u00f1a del libro \u201cM\u00e1s all\u00e1 del g\u00e9nero: el cuerpo del adolescente y sus s\u00edntomas\u201d- Observatorio G\u00e9nero, biopol\u00edtica y transexualismo EBP"},"content":{"rendered":"<div class=\"fusion-fullwidth fullwidth-box fusion-builder-row-1 fusion-flex-container nonhundred-percent-fullwidth non-hundred-percent-height-scrolling\" style=\"--awb-border-radius-top-left:0px;--awb-border-radius-top-right:0px;--awb-border-radius-bottom-right:0px;--awb-border-radius-bottom-left:0px;--awb-flex-wrap:wrap;\" ><div class=\"fusion-builder-row fusion-row fusion-flex-align-items-flex-start fusion-flex-content-wrap\" style=\"max-width:1248px;margin-left: calc(-4% \/ 2 );margin-right: calc(-4% \/ 2 );\"><div class=\"fusion-layout-column fusion_builder_column fusion-builder-column-0 fusion_builder_column_1_1 1_1 fusion-flex-column\" style=\"--awb-bg-size:cover;--awb-width-large:100%;--awb-margin-top-large:0px;--awb-spacing-right-large:1.92%;--awb-margin-bottom-large:20px;--awb-spacing-left-large:1.92%;--awb-width-medium:100%;--awb-order-medium:0;--awb-spacing-right-medium:1.92%;--awb-spacing-left-medium:1.92%;--awb-width-small:100%;--awb-order-small:0;--awb-spacing-right-small:1.92%;--awb-spacing-left-small:1.92%;\"><div class=\"fusion-column-wrapper fusion-column-has-shadow fusion-flex-justify-content-flex-start fusion-content-layout-column\"><div class=\"fusion-text fusion-text-1\"><p style=\"text-align: justify;\">Rese\u00f1a del libro &#8220;M\u00e1s all\u00e1 del g\u00e9nero: el cuerpo del adolescente y sus s\u00edntomas&#8221; Editorial Scriptum de reciente aparici\u00f3n. El libro es producto del trabajo de otro Observatorio pero su tema dialoga en esta oportunidad con el nuestro. Cuenta dem\u00e1s con la participaci\u00f3n de Cristiane de Freitas integrante tambi\u00e9n del Observatorios de g\u00e9nero, biopol\u00edtica y transexualismo.<\/p>\n<p style=\"text-align: justify;\"><strong>Blanca Musachi<\/strong><\/p>\n<p style=\"text-align: justify;\">El Observatorio del Ni\u00f1o y del Adolescente (OCA siglas en portugu\u00e9s) re\u00fane tres n\u00facleo de investigaci\u00f3n vinculados a programas de pos-graduaci\u00f3n de la Universidad Federal de Minas Gerais (UFMG) y el N\u00facleo de Investigaci\u00f3n Cl\u00ednica del Hospital Universitario de la UFMG (HC-UFMG). El Observatorio se constituy\u00f3 con el objetivo de compartir las investigaciones realizadas en estos n\u00facleos sobre los diversos temas que envuelven la condici\u00f3n del ni\u00f1o y del adolescente en el mundo contempor\u00e1neo bajo el enfoque del psicoan\u00e1lisis.<\/p>\n<p style=\"text-align: justify;\">En esta perspectiva, Ana Lydia Santiago, Cristiane de Freitas Cunha, Cristina Vidigal, Lib\u00e9ria Neves y N\u00e1dia Lagu\u00e1rdia de Lima formaron un Cartel \u2013Rumbo a la adolescencia. En el marco de este primer Cartel OCA, se promovieron encuentros peri\u00f3dicos que generaron estudios, interlocuci\u00f3n interdisciplinar, producciones de art\u00edculos y la organizaci\u00f3n del Coloquio M\u00e1s all\u00e1 del g\u00e9nero: el cuerpo adolescente y sus s\u00edntomas, en mayo de 2016, auspiciado por el Instituto de Psicoan\u00e1lisis y Salud Mental de Minas Gerai (IPSM-MG), por el Centro Interdisciplinario de Estudios sobre el ni\u00f1o (CIEN) y por el Centro de Investigaci\u00f3n sobre el ni\u00f1o en el Discurso Anal\u00edtico (CEREDA).<\/p>\n<p style=\"text-align: justify;\">Las resonancias del Cartel OCA, sobre todo del esfuerzo de lectura de los s\u00edntomas e inventos in\u00e9ditos de los ni\u00f1os y j\u00f3venes en el tratamiento de lo real; y la transmisi\u00f3n durante el Coloquio orientaba a continuar con la investigaci\u00f3n del tema. As\u00ed, &#8220;TRANS&#8221;: sexo y g\u00e9nero en el tiempo de la infancia culmin\u00f3 en una Conversaci\u00f3n OCA realizada el 13 de septiembre de 2016.<\/p>\n<p style=\"text-align: justify;\">Apuntando a conocer de manera profunda las demandas dirigidas a los servicios de salud de la ciudad de Belo Horizonte y las respuestas dadas en cada \u00e9poca referidas a las contingencias en la esfera del sexo y del g\u00e9nero, se constituye un segundo Cartel :\u00a0<i>&#8220;Todo patinho \u00e9 torto&#8221;<\/i>\u00a0compuesto por Alexandre Costa Val, Cristiane de Freitas Cunha, Fernando Siqueira, J\u00e9sus Santiago e Karine Ferreira.<\/p>\n<p style=\"text-align: justify;\">Los n\u00facleos que integran OCA se rigen por el psicoan\u00e1lisis y reivindican la orientaci\u00f3n lacaniana en la pr\u00e1ctica de extensi\u00f3n y de investigaci\u00f3n\/intervenci\u00f3n buscando, no solo constatar un problema, sino modificarlo para favorecer la inclusi\u00f3n y el lazo social para los sujetos implicados en las investigaciones. Por ello, contemplan las dimensiones de investigaci\u00f3n y extensi\u00f3n m\u00e1s tambi\u00e9n se dedican a la ense\u00f1anza a partir de entrevistas y discusi\u00f3n colectiva de casos, construcci\u00f3n de casos y su publicaci\u00f3n para la formaci\u00f3n de maestros y de futuros profesionales de las \u00e1reas de salud, psicolog\u00eda y educaci\u00f3n.<\/p>\n<p style=\"text-align: justify;\">Los productos del Coloquio y de la Conversaci\u00f3n est\u00e1n reunidos en la presente publicaci\u00f3n. El lector encontrar\u00e1 algunos comentarios nuestros, de un colega argentino y de colegas franceses (Fabi\u00e1n Fajnwaks, Daniel Roy, Philippe Lacad\u00e9e) cuya presencia entre nosotros junto al deseo de interlocuci\u00f3n hizo posible la versi\u00f3n biling\u00fce de este trabajo.<\/p>\n<p style=\"text-align: justify;\"><strong>Cristiane de Freitas Cunha<\/strong><\/p>\n<\/div><\/div><\/div><\/div><\/div>\n","protected":false},"excerpt":{"rendered":"","protected":false},"author":1,"featured_media":0,"comment_status":"open","ping_status":"open","sticky":false,"template":"","format":"standard","meta":{"_monsterinsights_skip_tracking":false,"_monsterinsights_sitenote_active":false,"_monsterinsights_sitenote_note":"","_monsterinsights_sitenote_category":0,"footnotes":""},"categories":[132,129],"tags":[],"class_list":["post-6747","post","type-post","status-publish","format-standard","hentry","category-informes-genero-pt-br","category-observatorios-pt-br"],"_links":{"self":[{"href":"https:\/\/fapol.org\/pt-br\/wp-json\/wp\/v2\/posts\/6747","targetHints":{"allow":["GET"]}}],"collection":[{"href":"https:\/\/fapol.org\/pt-br\/wp-json\/wp\/v2\/posts"}],"about":[{"href":"https:\/\/fapol.org\/pt-br\/wp-json\/wp\/v2\/types\/post"}],"author":[{"embeddable":true,"href":"https:\/\/fapol.org\/pt-br\/wp-json\/wp\/v2\/users\/1"}],"replies":[{"embeddable":true,"href":"https:\/\/fapol.org\/pt-br\/wp-json\/wp\/v2\/comments?post=6747"}],"version-history":[{"count":0,"href":"https:\/\/fapol.org\/pt-br\/wp-json\/wp\/v2\/posts\/6747\/revisions"}],"wp:attachment":[{"href":"https:\/\/fapol.org\/pt-br\/wp-json\/wp\/v2\/media?parent=6747"}],"wp:term":[{"taxonomy":"category","embeddable":true,"href":"https:\/\/fapol.org\/pt-br\/wp-json\/wp\/v2\/categories?post=6747"},{"taxonomy":"post_tag","embeddable":true,"href":"https:\/\/fapol.org\/pt-br\/wp-json\/wp\/v2\/tags?post=6747"}],"curies":[{"name":"wp","href":"https:\/\/api.w.org\/{rel}","templated":true}]}}