{"id":6751,"date":"2017-10-09T05:02:56","date_gmt":"2017-10-09T08:02:56","guid":{"rendered":"https:\/\/fapol.org\/blog\/resena-primer-encuentro-de-la-red-iufi\/"},"modified":"2017-10-09T05:02:56","modified_gmt":"2017-10-09T08:02:56","slug":"resena-primer-encuentro-de-la-red-iufi","status":"publish","type":"post","link":"https:\/\/fapol.org\/pt-br\/blog\/resena-primer-encuentro-de-la-red-iufi\/","title":{"rendered":"Rese\u00f1a Primer Encuentro de la Red IUFI"},"content":{"rendered":"<div class=\"fusion-fullwidth fullwidth-box fusion-builder-row-1 fusion-flex-container nonhundred-percent-fullwidth non-hundred-percent-height-scrolling\" style=\"--awb-border-radius-top-left:0px;--awb-border-radius-top-right:0px;--awb-border-radius-bottom-right:0px;--awb-border-radius-bottom-left:0px;--awb-flex-wrap:wrap;\" ><div class=\"fusion-builder-row fusion-row fusion-flex-align-items-flex-start fusion-flex-content-wrap\" style=\"max-width:1248px;margin-left: calc(-4% \/ 2 );margin-right: calc(-4% \/ 2 );\"><div class=\"fusion-layout-column fusion_builder_column fusion-builder-column-0 fusion_builder_column_1_1 1_1 fusion-flex-column\" style=\"--awb-bg-size:cover;--awb-width-large:100%;--awb-margin-top-large:0px;--awb-spacing-right-large:1.92%;--awb-margin-bottom-large:20px;--awb-spacing-left-large:1.92%;--awb-width-medium:100%;--awb-order-medium:0;--awb-spacing-right-medium:1.92%;--awb-spacing-left-medium:1.92%;--awb-width-small:100%;--awb-order-small:0;--awb-spacing-right-small:1.92%;--awb-spacing-left-small:1.92%;\"><div class=\"fusion-column-wrapper fusion-column-has-shadow fusion-flex-justify-content-flex-start fusion-content-layout-column\"><div class=\"fusion-text fusion-text-1\"><div class=\"autor\" style=\"text-align: justify;\">Por <strong>Gast\u00f3n Cottino<\/strong><\/div>\n<div>\n<p style=\"text-align: justify;\">El 1 \u00ba Encuentro de la red IUFI se denomin\u00f3 &#8220;Aportes a la formaci\u00f3n e investigaci\u00f3n en la Universidad desde la Orientaci\u00f3n Lacaniana&#8221;.<\/p>\n<p style=\"text-align: justify;\">En la presentaci\u00f3n se hizo \u00e9nfasis en la relevancia de la red constituida por colegas en relaci\u00f3n a FAPOL y a las Escuelas en distintas Universidades de Latinoam\u00e9rica. La Universidad, adem\u00e1s es una instituci\u00f3n de un gran valor social, cultural, econ\u00f3mico y pol\u00edtico. De all\u00ed el acento en el car\u00e1cter democr\u00e1tico y de potencialidad de nuestra red.<\/p>\n<p style=\"text-align: justify;\">En la primera mesa, los trabajos que presentaron los cartelizantes fueron: &#8220;La ense\u00f1anza del psicoan\u00e1lisis en la Universidad&#8221;, a cargo de Leonardo Rodr\u00edguez (Arg). &#8220;\u00bfC\u00f3mo decimos el psicoan\u00e1lisis en la Universidad?&#8221;, por Guillermina Laferrara (Arg.). &#8220;Sobre a leitura&#8221; a cargo de Flavia Cera. (Br.) y &#8220;Psican\u00e1lise e Universidade&#8221; de Nancy Greca Carneiro (Br.) La coordinaci\u00f3n estuvo a cargo de Gast\u00f3n Cottino (Arg.)<\/p>\n<p style=\"text-align: justify;\">La discusi\u00f3n vers\u00f3 en torno a c\u00f3mo el psicoan\u00e1lisis afecta a los modos de ense\u00f1ar y leer en la Universidad. Y sobre c\u00f3mo cada uno de los colegas encarnaba estos modos en su pr\u00e1ctica universitaria.<\/p>\n<p style=\"text-align: justify;\">La mesa sobre &#8220;investigaci\u00f3n y los dispositivos cl\u00ednicos en la Universidad&#8221; cont\u00f3 con los trabajos: &#8220;Investigar en psicoan\u00e1lisis dentro de la Universidad&#8221;, que fue una producci\u00f3n colectiva del cartel compuesto por Laura Arias (Bs. As.), Agustina Brandi (Cba), Guido Coll (Cba), David Albano Gonz\u00e1lez (Cba) y Fabi\u00e1n Naparstek (m\u00e1s uno); &#8220;Tres pistas para la investigaci\u00f3n universitaria en psicoan\u00e1lisis&#8221; presentado por Gerardo Arenas (Arg.) y &#8220;Una experiencia cl\u00ednica en instituci\u00f3n educativa&#8221; de H\u00e9ctor Gallo y Ulises Cuellar (Col.). Coordin\u00f3 Nohem\u00ed Brown (Br.)<\/p>\n<p style=\"text-align: justify;\">Los comentarios, a partir de las intervenciones de Nohem\u00ed, se dieron en torno a las artima\u00f1as del analista sobre el discurso universitario, pues no es analista all\u00ed. Tambi\u00e9n se remarc\u00f3 que son los problemas cl\u00ednicos del psicoan\u00e1lisis los que hacen a la investigaci\u00f3n que le es propia; as\u00ed como la repercusi\u00f3n de esta \u00faltima sobre lo que se realiza en las Escuelas. Se subray\u00f3 el entusiasmo y la &#8220;transmisi\u00f3n de deseo&#8221; por parte de los ense\u00f1antes del psicoan\u00e1lisis en la Universidad.<\/p>\n<p style=\"text-align: justify;\">El auditorio anim\u00f3 con preguntas y coment\u00f3 acerca de distintos trabajos realizados en la Universidad, en c\u00e1tedras e investigaciones, que ser\u00edan pasibles de ser puestos en com\u00fan a trav\u00e9s de la red.<\/p>\n<p style=\"text-align: justify;\">Respecto de la reuni\u00f3n a la que asistieron Nohem\u00ed Brown, Gerardo Arenas y quien escribe, destaco los siguientes puntos:<\/p>\n<ul>\n<li style=\"text-align: justify;\">Difundir el mapa de la red.<\/li>\n<li style=\"text-align: justify;\">Ubicar un espacio para ir publicando distintas producciones de los cartelizantes (\u00bfy distintas investigaciones o textos IUFI sobre el tema?).<\/li>\n<li style=\"text-align: justify;\">Considerar en perspectiva una publicaci\u00f3n para alojar las producciones de investigaci\u00f3n en psicoan\u00e1lisis.<\/li>\n<li style=\"text-align: justify;\">Se discuti\u00f3 acerca de las distintas implicaciones de la cartelizaci\u00f3n para la red en Brasil y Argentina<\/li>\n<li style=\"text-align: justify;\">Se habl\u00f3 de la importancia de articular con RUA, por ejemplo a trav\u00e9s de un espacio com\u00fan para el pr\u00f3ximo encuentro. O en alguna universidad en particular.<\/li>\n<li style=\"text-align: justify;\">Se consider\u00f3 oportuno que las intervenciones en la Universidad de colegas de la red puedan contar con una mesa de cartelizantes o investigadores IUFI.<\/li>\n<li style=\"text-align: justify;\">Se estim\u00f3 muy importante ponernos al trabajo para promover la red durante estos pr\u00f3ximos dos a\u00f1os.<\/li>\n<\/ul>\n<\/div>\n<\/div><\/div><\/div><\/div><\/div>\n","protected":false},"excerpt":{"rendered":"","protected":false},"author":1,"featured_media":0,"comment_status":"open","ping_status":"open","sticky":false,"template":"","format":"standard","meta":{"_monsterinsights_skip_tracking":false,"_monsterinsights_sitenote_active":false,"_monsterinsights_sitenote_note":"","_monsterinsights_sitenote_category":0,"footnotes":""},"categories":[137,126],"tags":[],"class_list":["post-6751","post","type-post","status-publish","format-standard","hentry","category-informes-iufi-pt-br","category-redes-pt-br"],"_links":{"self":[{"href":"https:\/\/fapol.org\/pt-br\/wp-json\/wp\/v2\/posts\/6751","targetHints":{"allow":["GET"]}}],"collection":[{"href":"https:\/\/fapol.org\/pt-br\/wp-json\/wp\/v2\/posts"}],"about":[{"href":"https:\/\/fapol.org\/pt-br\/wp-json\/wp\/v2\/types\/post"}],"author":[{"embeddable":true,"href":"https:\/\/fapol.org\/pt-br\/wp-json\/wp\/v2\/users\/1"}],"replies":[{"embeddable":true,"href":"https:\/\/fapol.org\/pt-br\/wp-json\/wp\/v2\/comments?post=6751"}],"version-history":[{"count":0,"href":"https:\/\/fapol.org\/pt-br\/wp-json\/wp\/v2\/posts\/6751\/revisions"}],"wp:attachment":[{"href":"https:\/\/fapol.org\/pt-br\/wp-json\/wp\/v2\/media?parent=6751"}],"wp:term":[{"taxonomy":"category","embeddable":true,"href":"https:\/\/fapol.org\/pt-br\/wp-json\/wp\/v2\/categories?post=6751"},{"taxonomy":"post_tag","embeddable":true,"href":"https:\/\/fapol.org\/pt-br\/wp-json\/wp\/v2\/tags?post=6751"}],"curies":[{"name":"wp","href":"https:\/\/api.w.org\/{rel}","templated":true}]}}