{"id":6756,"date":"2017-06-12T10:32:24","date_gmt":"2017-06-12T13:32:24","guid":{"rendered":"https:\/\/fapol.org\/blog\/avances-de-iufi-en-ciudad-del-este-paraguay-mayo-2017\/"},"modified":"2017-06-12T10:32:24","modified_gmt":"2017-06-12T13:32:24","slug":"avances-de-iufi-en-ciudad-del-este-paraguay-mayo-2017","status":"publish","type":"post","link":"https:\/\/fapol.org\/pt-br\/blog\/avances-de-iufi-en-ciudad-del-este-paraguay-mayo-2017\/","title":{"rendered":"Avances de IUFI en Ciudad del Este, Paraguay &#8211; Mayo 2017"},"content":{"rendered":"<div class=\"fusion-fullwidth fullwidth-box fusion-builder-row-1 fusion-flex-container nonhundred-percent-fullwidth non-hundred-percent-height-scrolling\" style=\"--awb-border-radius-top-left:0px;--awb-border-radius-top-right:0px;--awb-border-radius-bottom-right:0px;--awb-border-radius-bottom-left:0px;--awb-flex-wrap:wrap;\" ><div class=\"fusion-builder-row fusion-row fusion-flex-align-items-flex-start fusion-flex-content-wrap\" style=\"max-width:1248px;margin-left: calc(-4% \/ 2 );margin-right: calc(-4% \/ 2 );\"><div class=\"fusion-layout-column fusion_builder_column fusion-builder-column-0 fusion_builder_column_1_1 1_1 fusion-flex-column\" style=\"--awb-bg-size:cover;--awb-width-large:100%;--awb-margin-top-large:0px;--awb-spacing-right-large:1.92%;--awb-margin-bottom-large:20px;--awb-spacing-left-large:1.92%;--awb-width-medium:100%;--awb-order-medium:0;--awb-spacing-right-medium:1.92%;--awb-spacing-left-medium:1.92%;--awb-width-small:100%;--awb-order-small:0;--awb-spacing-right-small:1.92%;--awb-spacing-left-small:1.92%;\"><div class=\"fusion-column-wrapper fusion-column-has-shadow fusion-flex-justify-content-flex-start fusion-content-layout-column\"><div class=\"fusion-text fusion-text-1\"><p style=\"text-align: justify;\">En el pasado mes de mayo, varias actividades consolidaron la presencia de IUFI en Ciudad del Este. En el marco de los festejos por el d\u00eda del psic\u00f3logo en Paraguay, la Universidad Nacional del Este (UNE) invit\u00f3 al responsable de IUFI por la EOL, Gerardo Arenas, a dictar una conferencia bajo el t\u00edtulo &#8220;La depresi\u00f3n: placer y goce&#8221;, a la que asisti\u00f3 una nutrid\u00edsima concurrencia de docentes y estudiantes de la carrera de Psicolog\u00eda, y que fue precedida de un c\u00e1lido discurso de bienvenida dado por la decana de la Facultad de Filosof\u00eda, profesora Blanca Tottil de Moreno.<\/p>\n<p style=\"text-align: justify;\">Antes de eso, Arenas se reuni\u00f3 con el primer c\u00e1rtel IUFI que funciona en esa ciudad, y luego dict\u00f3 un seminario sobre pulsi\u00f3n. Pero el mayor avance realizado en esos d\u00edas fue la puesta en marcha de un proyecto para crear la primera materia enteramente dedicada a Freud en la UNE. Las profesoras Irma Gonz\u00e1lez y Delia Bernardes participaron, junto a Arenas, en una fruct\u00edfera reuni\u00f3n con la decana y con otros miembros de la gesti\u00f3n universitaria, donde se present\u00f3 el proyecto, cuyas formalidades comenzar\u00e1n a cumplirse en breve. Con posterioridad, se sumaron al proyecto los profesores Carlos Duarte y Margarita Qui\u00f1\u00f3nez.<\/p>\n<p style=\"text-align: justify;\">Por \u00faltimo, antes de la mencionada conferencia se entreg\u00f3 un reconocimiento de la FAPOL a la profesora Irma Gonz\u00e1lez por su trabajo en pro de la presencia del psicoan\u00e1lisis de la Orientaci\u00f3n Lacaniana en Ciudad del Este y en la Carrera de Psicolog\u00eda de esa universidad, y por su decidido apoyo, desde los comienzos, a la Iniciativa Universitaria de Formaci\u00f3n e Investigaci\u00f3n.<\/p>\n<\/div><\/div><\/div><\/div><\/div>\n","protected":false},"excerpt":{"rendered":"","protected":false},"author":1,"featured_media":0,"comment_status":"open","ping_status":"open","sticky":false,"template":"","format":"standard","meta":{"_monsterinsights_skip_tracking":false,"_monsterinsights_sitenote_active":false,"_monsterinsights_sitenote_note":"","_monsterinsights_sitenote_category":0,"footnotes":""},"categories":[137,126],"tags":[],"class_list":["post-6756","post","type-post","status-publish","format-standard","hentry","category-informes-iufi-pt-br","category-redes-pt-br"],"_links":{"self":[{"href":"https:\/\/fapol.org\/pt-br\/wp-json\/wp\/v2\/posts\/6756","targetHints":{"allow":["GET"]}}],"collection":[{"href":"https:\/\/fapol.org\/pt-br\/wp-json\/wp\/v2\/posts"}],"about":[{"href":"https:\/\/fapol.org\/pt-br\/wp-json\/wp\/v2\/types\/post"}],"author":[{"embeddable":true,"href":"https:\/\/fapol.org\/pt-br\/wp-json\/wp\/v2\/users\/1"}],"replies":[{"embeddable":true,"href":"https:\/\/fapol.org\/pt-br\/wp-json\/wp\/v2\/comments?post=6756"}],"version-history":[{"count":0,"href":"https:\/\/fapol.org\/pt-br\/wp-json\/wp\/v2\/posts\/6756\/revisions"}],"wp:attachment":[{"href":"https:\/\/fapol.org\/pt-br\/wp-json\/wp\/v2\/media?parent=6756"}],"wp:term":[{"taxonomy":"category","embeddable":true,"href":"https:\/\/fapol.org\/pt-br\/wp-json\/wp\/v2\/categories?post=6756"},{"taxonomy":"post_tag","embeddable":true,"href":"https:\/\/fapol.org\/pt-br\/wp-json\/wp\/v2\/tags?post=6756"}],"curies":[{"name":"wp","href":"https:\/\/api.w.org\/{rel}","templated":true}]}}