{"id":6758,"date":"2017-04-03T02:23:48","date_gmt":"2017-04-03T05:23:48","guid":{"rendered":"https:\/\/fapol.org\/blog\/observatorio-de-infancia-medicalizada-eol-frente-al-empuje-de-las-practicas-neurocognitivas-2017\/"},"modified":"2017-04-03T02:23:48","modified_gmt":"2017-04-03T05:23:48","slug":"observatorio-de-infancia-medicalizada-eol-frente-al-empuje-de-las-practicas-neurocognitivas-2017","status":"publish","type":"post","link":"https:\/\/fapol.org\/pt-br\/blog\/observatorio-de-infancia-medicalizada-eol-frente-al-empuje-de-las-practicas-neurocognitivas-2017\/","title":{"rendered":"Observatorio de Infancia Medicalizada EOL &#8211; Frente al empuje de las pr\u00e1cticas neurocognitivas, 2017"},"content":{"rendered":"<div class=\"fusion-fullwidth fullwidth-box fusion-builder-row-1 fusion-flex-container nonhundred-percent-fullwidth non-hundred-percent-height-scrolling\" style=\"--awb-border-radius-top-left:0px;--awb-border-radius-top-right:0px;--awb-border-radius-bottom-right:0px;--awb-border-radius-bottom-left:0px;--awb-flex-wrap:wrap;\" ><div class=\"fusion-builder-row fusion-row fusion-flex-align-items-flex-start fusion-flex-content-wrap\" style=\"max-width:1248px;margin-left: calc(-4% \/ 2 );margin-right: calc(-4% \/ 2 );\"><div class=\"fusion-layout-column fusion_builder_column fusion-builder-column-0 fusion_builder_column_1_1 1_1 fusion-flex-column\" style=\"--awb-bg-size:cover;--awb-width-large:100%;--awb-margin-top-large:0px;--awb-spacing-right-large:1.92%;--awb-margin-bottom-large:20px;--awb-spacing-left-large:1.92%;--awb-width-medium:100%;--awb-order-medium:0;--awb-spacing-right-medium:1.92%;--awb-spacing-left-medium:1.92%;--awb-width-small:100%;--awb-order-small:0;--awb-spacing-right-small:1.92%;--awb-spacing-left-small:1.92%;\"><div class=\"fusion-column-wrapper fusion-column-has-shadow fusion-flex-justify-content-flex-start fusion-content-layout-column\"><div class=\"fusion-text fusion-text-1\"><p style=\"text-align: justify;\">Lo real sin ley moviliza y apremia, desamarra al sujeto y lo lleva a la deriva en un mundo hecho de empuje y palabra aplanada. La ca\u00edda de los semblantes regulatorios y de contenci\u00f3n en el Otro, como la familia, la escuela o instituciones de salud, han bajado umbrales que han dejado a la infancia y adolescencia con efectos de desamparo frente a imperativos como la medicalizaci\u00f3n, es decir el abordaje farmacol\u00f3gico de diferencias inc\u00f3modas o dolores propios de la existencia.<\/p>\n<p style=\"text-align: justify;\">El malestar es inherente a la cultura, pero desde esta perspectiva, se reduce a un abordaje\u00a0<i>bio-molecular<\/i>.<\/p>\n<p style=\"text-align: justify;\">A esta situaci\u00f3n hay que complementarla con dos componentes fundamentales que acompa\u00f1an a todos los fen\u00f3menos de generalizaci\u00f3n del modo de vivir actual, que son la aceleraci\u00f3n del tiempo \u2013no se propicia el tiempo para subjetivar- y por otra parte el borramiento de las fronteras etarias a la hora de prescribir psicof\u00e1rmacos, si bien carecemos de estudios cient\u00edficos confiables sobre los m\u00e1rgenes de seguridad en el uso de estos en ni\u00f1os y adolescentes.<\/p>\n<p style=\"text-align: justify;\">Con respecto a la eficacia, tendr\u00edamos que preguntarnos a que responder\u00eda un criterio de eficacia?<\/p>\n<p style=\"text-align: justify;\">Como bien se describe en el informe del\u00a0<i>Observatorio de la Infancia Medicalizada \u2013FAPOL-<\/i>, en el Congreso de R\u00edo de abril de 2016, habr\u00eda dos modelos de acci\u00f3n del f\u00e1rmaco, uno centrado en la enfermedad, es decir que ser\u00eda de suponer que los f\u00e1rmacos corregir\u00edan un estado alterado del cerebro. El otro modelo es el centrado en el f\u00e1rmaco, es decir, este compensar\u00eda una alteraci\u00f3n por la que se consulta.<\/p>\n<p style=\"text-align: justify;\">Pero lo que tenemos que saber es que la validez cient\u00edfica es poco fiable, ya que se ha puesto en evidencia que hay una ruptura entre la investigaci\u00f3n y la aplicaci\u00f3n cl\u00ednica.<\/p>\n<p style=\"text-align: justify;\">Con la crisis del DSM 5 se ha develado, entre tantas &#8220;<i>fallas&#8221;<\/i>, clausulas de confidencialidad, retraso en los ensayos cl\u00ednicos, etc. Al laxismo de los diagn\u00f3sticos debemos sumarle la sobre-medicaci\u00f3n.<\/p>\n<p style=\"text-align: justify;\">El psicoan\u00e1lisis no pone en cuesti\u00f3n el avance neurocientifico, relativo a brindar una mejor calidad de vida, esto sin que se forcluya la subjetividad. En &#8220;Psicoan\u00e1lisis y medicina&#8221;, texto de 1966, Lacan se pregunta por el lugar del psicoan\u00e1lisis en la medicina y lo sit\u00faa desde dos perspectivas, uno como\u00a0<i>marginal, como una suerte de ayuda externa<\/i>. El otro como<i>\u00a0extra-territorial<\/i>, este lo entiendo en t\u00e9rminos discursivos, en t\u00e9rminos del campo de la palabra, el lenguaje y el goce.<\/p>\n<p style=\"text-align: justify;\">Cu\u00e1l es el buen lugar que pueden encontrar los avances de la ciencia para el psicoan\u00e1lisis?<\/p>\n<p style=\"text-align: justify;\">Sin dudas que no est\u00e1 en la vertiente preventiva que trae aparejado el diagn\u00f3stico precoz en la infancia, sino a posteriori de que aparezcan las manifestaciones de un malestar que perfilen respuestas sintom\u00e1ticas que den cuenta de un sufrimiento y la relaci\u00f3n con el goce del cuerpo.<\/p>\n<p style=\"text-align: justify;\">Hay en relaci\u00f3n a la cl\u00ednica en general y m\u00e1s espec\u00edficamente en la cl\u00ednica con ni\u00f1os y adolescentes dos perspectivas de abordaje que quisiera destacar:<br \/>\nUna es lo que Lacan llama en el texto citado\u00a0<i>Psicoan\u00e1lisis y Medicina<\/i>, la\u00a0<i>falla en la relaci\u00f3n epistemo-som\u00e1tica,<\/i>\u00a0es decir una falla en la relaci\u00f3n entre el saber expuesto \u2013en este caso de la ciencia biologista y la experiencia del cuerpo, all\u00ed donde podemos encontrar una experiencia de goce singular.<\/p>\n<p style=\"text-align: justify;\">Otra es lo que en farmacolog\u00eda cl\u00ednica se denomina\u00a0<i>variabilidad individual<\/i>, es decir que ante una dosis habitual se puede responder dentro de lo esperado, de manera excesiva o de forma insuficiente o nula. En esta respuesta\u00a0<i>variable<\/i>\u00a0pueden entrar tanto factores denominados psicol\u00f3gicos o fisiol\u00f3gicos, con causas m\u00faltiples.<\/p>\n<p style=\"text-align: justify;\">Es de entender que desde esta perspectiva es que podemos abordar las\u00a0<i>variables\u00a0<\/i>de lenguaje y goce que nos acercar\u00e1n a una perspectiva singular all\u00ed donde los\u00a0<i>impasses\u00a0<\/i>de la ciencia y el mercado lo propicien.<\/p>\n<\/div><\/div><\/div><\/div><\/div>\n","protected":false},"excerpt":{"rendered":"","protected":false},"author":1,"featured_media":0,"comment_status":"open","ping_status":"open","sticky":false,"template":"","format":"standard","meta":{"_monsterinsights_skip_tracking":false,"_monsterinsights_sitenote_active":false,"_monsterinsights_sitenote_note":"","_monsterinsights_sitenote_category":0,"footnotes":""},"categories":[138,129],"tags":[],"class_list":["post-6758","post","type-post","status-publish","format-standard","hentry","category-informes-infancias-pt-br","category-observatorios-pt-br"],"_links":{"self":[{"href":"https:\/\/fapol.org\/pt-br\/wp-json\/wp\/v2\/posts\/6758","targetHints":{"allow":["GET"]}}],"collection":[{"href":"https:\/\/fapol.org\/pt-br\/wp-json\/wp\/v2\/posts"}],"about":[{"href":"https:\/\/fapol.org\/pt-br\/wp-json\/wp\/v2\/types\/post"}],"author":[{"embeddable":true,"href":"https:\/\/fapol.org\/pt-br\/wp-json\/wp\/v2\/users\/1"}],"replies":[{"embeddable":true,"href":"https:\/\/fapol.org\/pt-br\/wp-json\/wp\/v2\/comments?post=6758"}],"version-history":[{"count":0,"href":"https:\/\/fapol.org\/pt-br\/wp-json\/wp\/v2\/posts\/6758\/revisions"}],"wp:attachment":[{"href":"https:\/\/fapol.org\/pt-br\/wp-json\/wp\/v2\/media?parent=6758"}],"wp:term":[{"taxonomy":"category","embeddable":true,"href":"https:\/\/fapol.org\/pt-br\/wp-json\/wp\/v2\/categories?post=6758"},{"taxonomy":"post_tag","embeddable":true,"href":"https:\/\/fapol.org\/pt-br\/wp-json\/wp\/v2\/tags?post=6758"}],"curies":[{"name":"wp","href":"https:\/\/api.w.org\/{rel}","templated":true}]}}