{"id":6767,"date":"2016-11-07T01:28:09","date_gmt":"2016-11-07T04:28:09","guid":{"rendered":"https:\/\/fapol.org\/blog\/los-observatorios-de-la-fapol-y-el-trabajo-en-red-nel-2016\/"},"modified":"2016-11-07T01:28:09","modified_gmt":"2016-11-07T04:28:09","slug":"los-observatorios-de-la-fapol-y-el-trabajo-en-red-nel-2016","status":"publish","type":"post","link":"https:\/\/fapol.org\/pt-br\/blog\/los-observatorios-de-la-fapol-y-el-trabajo-en-red-nel-2016\/","title":{"rendered":"Los Observatorios de la FAPOL y el trabajo en red &#8211; NEL, 2016"},"content":{"rendered":"<div class=\"fusion-fullwidth fullwidth-box fusion-builder-row-1 fusion-flex-container nonhundred-percent-fullwidth non-hundred-percent-height-scrolling\" style=\"--awb-border-radius-top-left:0px;--awb-border-radius-top-right:0px;--awb-border-radius-bottom-right:0px;--awb-border-radius-bottom-left:0px;--awb-flex-wrap:wrap;\" ><div class=\"fusion-builder-row fusion-row fusion-flex-align-items-flex-start fusion-flex-content-wrap\" style=\"max-width:1248px;margin-left: calc(-4% \/ 2 );margin-right: calc(-4% \/ 2 );\"><div class=\"fusion-layout-column fusion_builder_column fusion-builder-column-0 fusion_builder_column_1_1 1_1 fusion-flex-column\" style=\"--awb-bg-size:cover;--awb-width-large:100%;--awb-margin-top-large:0px;--awb-spacing-right-large:1.92%;--awb-margin-bottom-large:20px;--awb-spacing-left-large:1.92%;--awb-width-medium:100%;--awb-order-medium:0;--awb-spacing-right-medium:1.92%;--awb-spacing-left-medium:1.92%;--awb-width-small:100%;--awb-order-small:0;--awb-spacing-right-small:1.92%;--awb-spacing-left-small:1.92%;\"><div class=\"fusion-column-wrapper fusion-column-has-shadow fusion-flex-justify-content-flex-start fusion-content-layout-column\"><div class=\"fusion-text fusion-text-1\"><div class=\"autor\" style=\"text-align: justify;\">Por <strong>Mar\u00eda Cristina Giraldo<\/strong> *<\/div>\n<div>\n<p style=\"text-align: justify;\">La participaci\u00f3n de los Observatorios de la FAPOL en las Conversaciones<i>\u00a0Violencia, un nombre para el malestar actual<\/i>,que hicieron parte de lasIX Jornadas de la NEL,[1] produjo el paso de los grupos primarios de los Observatorios de la FAPOL, al trabajo en red con otros miembros de la NEL y de otras Escuelas que se interesaron,[2] as\u00ed como con asociados y amigos de las Sedes de la NEL. Carteles y grupos de investigaci\u00f3n constituyeron los dispositivos de trabajo.<\/p>\n<p style=\"text-align: justify;\">Este segundo tiempo del trabajo de los observatorios en la NEL permiti\u00f3 extraer consecuencias importantes, en tanto el producto de cada l\u00ednea de investigaci\u00f3n no solo impact\u00f3 a la Escuela en transferencias de trabajo ampliadas, sino que permite ver el estado de la cuesti\u00f3n para dar el siguiente paso l\u00f3gico: la respuesta desde nuestro discurso al Otro social. Las instituciones son la v\u00eda para ello, en tanto &#8220;constituyen los semblantes del Otro social y son transmisoras de la biopol\u00edtica&#8221;.[3] De ah\u00ed que el trabajo sobre\u00a0<i>Pasiones y violencias en las instituciones<\/i>,coordinado por Jos\u00e9 Fernando Vel\u00e1squez, con la participaci\u00f3n de colegas que trabajan en instituciones diversas, constituya un soporte importante para dar el pr\u00f3ximo paso.[4] Es un esfuerzo por pensar las violencias y las pasiones en las instituciones desde cuatro vectores: la instituci\u00f3n, el funcionario, el usuario y el analista.<\/p>\n<p style=\"text-align: justify;\"><b>El Observatorio 1,\u00a0<i>La violencia y las mujeres en Latinoam\u00e9rica<\/i><\/b>,se orient\u00f3 hacia cuatro vertientes que permitieron desplegar lo epist\u00e9mico desde el psicoan\u00e1lisis, en sinergia con los hallazgos derivados de las entrevistas a representantes de las instituciones. Coordin\u00f3 la l\u00ednea de investigaci\u00f3n: Mar\u00eda Cristina Giraldo.<\/p>\n<p style=\"text-align: justify;\"><i>Entre las pasiones del Otro y las del parl\u00eatre. De lo \u00e9xtimo y la pasi\u00f3n<\/i>. Integrantes: Susana Dicker, coordinadora (NEL-Guatemala), Patricia Badari (EBP-Sao Paulo), Heloisa Caldas (EBP-R\u00edo de Janeiro).<\/p>\n<p style=\"text-align: justify;\"><i>Belleza femenina: pasiones y violencias. El caso de los rostros profanados<\/i>. Integrantes: Beatriz Garc\u00eda Moreno, coordinadora (NEL-Bogot\u00e1).\u00a0<i>Asociados a la NEL Bogot\u00e1<\/i>: Stella Cort\u00e9s, Mar\u00eda del Pilar Cu\u00e9llar y Luz Adriana Mantilla.\u00a0<i>Amigos de la NEL Bogot\u00e1<\/i>: Clara Janneth Su\u00e1rez, Alejandrina Rojas, Oscar Romero, Katherine Salamanca, Paola Grajales, Ferney Bautista, Jos\u00e9 Antonio Covo y Luisa Fernanda Ca\u00f1as.<\/p>\n<p style=\"text-align: justify;\"><i>Trauma y pulsi\u00f3n en las violencias y las mujeres.\u00a0<\/i>Integrantes grupo de trabajo: Claudia Subieta (Delegaci\u00f3n NEL-Cochabamba), Mar\u00eda Victoria Clavijo (Quito), Mar\u00eda Cristina Giraldo, coordinadora (NEL-Medell\u00edn), Heidi Gehler (NEL-Delegaci\u00f3n La Paz), Rosa Lagos, coordina un grupo en la NEL-Santiago de Chile: Ra\u00fal Vega, Luis Alberto Cayazzo, Martha Idrovo, Mario Uribe, Joaqu\u00edn Carrasco y Gabriel Edwards.<\/p>\n<p style=\"text-align: justify;\"><i>Mujer, violencia y victimizaci\u00f3n.<\/i>Jimena Contreras, coordinadora (NEL-Cochabamba), Diego Tirado, Alejandra Hornos (asociados de la NEL-Cochabamba). Silvia Macri y el grupo de trabajo de la NEL-Santiago de Chile sobre Mujeres v\u00edctimas de violencia. El fantasma de mal trato: Marcela Gonz\u00e1lez Barrientos,Luis Huala Carre\u00f1o y Macarena Qui\u00f1ones.<\/p>\n<p style=\"text-align: justify;\"><b>El Observatorio 2.\u00a0<i>Legislaci\u00f3n, subjetividades contempor\u00e1neas y el psicoan\u00e1lisis<\/i><\/b>, se orient\u00f3 hacia\u00a0<i>Las violencias en la segregaci\u00f3n y en el racismo<\/i>\u00a0en cuatro vertientes que trabajaron en el dispositivo de cartel y ampliaron la perspectiva del Observatorio hacia problemas cruciales. Coordin\u00f3 la l\u00ednea de investigaci\u00f3n: Mar\u00eda Elena Lora.<\/p>\n<p style=\"text-align: justify;\"><i>Violencia y el v\u00e9rtigo social<\/i>. Cartel. M\u00e1s uno: Vivivana Berger. Participan: Paula Del Cioppo, Silvana Di Rienzo, Er\u00e9ndira Molina y Edgar V\u00e1squez (NEL-Ciudad de M\u00e9xico).<\/p>\n<p style=\"text-align: justify;\"><i>La pol\u00edtica de atenci\u00f3n a las v\u00edctimas del conflicto armado colombiano.<\/i>\u00a0Cartel. M\u00e1s uno: Gladys Mart\u00ednez Alejandra Ord\u00f3\u00f1ez, Iv\u00e1n Uberty Ortiz, Jos\u00e9 Guillermo Reyes, Manuel Alejandro Moreno (NEL-Cali).<\/p>\n<p style=\"text-align: justify;\"><i>La pasi\u00f3n del odio y el racismo hoy.\u00a0<\/i>Cartel. M\u00e1s uno: Mar\u00eda Elena Lora (Delegaci\u00f3n NEL-La Paz). Jos\u00e9 Armando Garc\u00eda (Miami), Edna Elena G\u00f3mez (Ciudad de M\u00e9xico), Maggui J\u00e1uregui (Santa Cruz-Bolivia), Leonardo Prado (La Paz), Ximena Rojas (La Paz).<\/p>\n<p style=\"text-align: justify;\"><i>Violencia y derechos humanos<\/i>. Cartel. M\u00e1s uno: Renato Andrade (NEL-Lima). Fernando Eseverri (NEL-Ciudad de M\u00e9xico), Rosana Fautsch (NEL-Ciudad de M\u00e9xico), Luis L\u00f3pez (NEL-Lima), Carolina Puchet (NEL-Ciudad de M\u00e9xico), Zindy Valencia (apl-Arequipa).<\/p>\n<p style=\"text-align: justify;\"><b>El Observatorio 3.\u00a0<i>La infancia medicalizada<\/i><\/b>, orient\u00f3 su trabajo hacia\u00a0<i>Las violencias en la infancia y en la adolescencia.\u00a0<\/i>Toman dos vertientes novedosas: se preguntan en la \u00e9poca de los derechos para ni\u00f1os y adolescentes \u00bfpor qu\u00e9, a pesar de todas estas leyes, normas, reglamentos, no disminuye o desaparecen los fen\u00f3menos de violencias que los afectan? As\u00ed como las violencias y las pasiones en las relaciones padres-hijos. Coordin\u00f3 la l\u00ednea de investigaci\u00f3n: Aliana Santana<\/p>\n<p style=\"text-align: justify;\"><i>(Des)amores violentos. (O: en nombre del amor\u2026 el goce)<\/i>\u00a0Adolfo Ruiz, coordinador (NEL-Medell\u00edn).Integrantes: Adriana Chac\u00edn (NEL-Maracaibo), Gloria M. Ruiz (NEL-Guatemala), Luisa Arag\u00f3n (NEL-Guatemala), Marianna Tulli (NEL-Maracaibo), Massiel Vel\u00e1squez (NEL-Maracaibo), Alejandro Reinoso (NEL-Santiago de Chile).<\/p>\n<p style=\"text-align: justify;\"><i>Ni\u00f1os y adolescentes \u00bfv\u00edctimas de violencia?\u00a0<\/i>Aliana Santana, coordinadora (NEL-Ciudad de M\u00e9xico).Participan: Gabriela Villaroel (NEL-Cochabamba), Karen Garita (NEL-Guayaquil), Oscar Delgado (NEL-Santiago de Chile). Marciela Garc\u00eda (Espacio Lacaniano M\u00e9xico), Mar\u00eda Elena Vizuet (Espacio Lacaniano-M\u00e9xico), Cynthia Becerril Fajardo (M\u00e9xico, Espacio Lacaniano).<\/p>\n<p style=\"text-align: justify;\"><b>El Observatorio 4, \u00bfVamos hacia una cultura toxic\u00f3mana?<\/b>, tomaron una vertiente ampliada sobre el\u00a0<i>goce<\/i>\u00a0<i>toxic\u00f3mano como paradigm\u00e1tico de nuestra \u00e9poca<\/i>,y otra localizada en una experiencia cultural propia. Coordin\u00f3 la l\u00ednea de investigaci\u00f3n: Ana Vigan\u00f3 (NEL-Ciudad de M\u00e9xico)<\/p>\n<p style=\"text-align: justify;\"><i>Hacia una cl\u00ednica de los goces sueltos<\/i>. Integrantes del grupo de trabajo: Ana Vigan\u00f3, coordinadora (NEL-Ciudad de M\u00e9xico), Ricardo Aveggio (NEL-Santiago de Chile), Juan Pablo Bustamante (NEL-Santiago de Chile), Carlos Ch\u00e1vez Bedregal (NEL-Grupo Asociado de Arequipa), Eugenia Fl\u00f3rez (NEL-Medell\u00edn), Juan Diego Guerra (NEL-Guatemala), Mar\u00eda Andrea Guzm\u00e1n (NEL-Guatemala), Gabriel Roel (NEL-Ciudad de M\u00e9xico), Paulina Salinas (NEL-Santiago de Chile), Paula Iturra (NEL-Santiago de Chile).<\/p>\n<p style=\"text-align: justify;\"><i>De lo divino a lo siniestro&#8230; la hoja de\u00a0<\/i>coca. Edwin Jijena, coordinador (Delegaci\u00f3n NEL-Tarij\u00e1).Integrantes: Edwin Jijena (Delegaci\u00f3n NEL-Tarij\u00e1), Dora A\u00f1azgo, Withney Ferrufino, F\u00e9lix Monta\u00f1o (estudiantes).<\/p>\n<hr \/>\n<p style=\"text-align: justify;\">NOTAS<br \/>\n* Coordinaci\u00f3n de las Conversaciones\u00a0<i>Violencia, un nombre para el malestar actual<\/i>,por la Comisi\u00f3n cient\u00edfica de las IX Jornadas de la NEL: Clara Mar\u00eda Holgu\u00edn, Gerardo R\u00e9quiz y Piedad Spurrier.<\/p>\n<ol>\n<li style=\"text-align: justify;\"><i>Violencias y Pasiones. Sus tratamientos posibles en la experiencia anal\u00edtica,\u00a0<\/i>Guayaquil (Ecuador), 21 al 23 de octubre de 2016.<\/li>\n<li style=\"text-align: justify;\">Reuni\u00f3n plenaria de los Observatorios de la FAPOL, Informe conjunto de las tres Escuelas de cada Observatorio, 28 de abril, de 2016, X Congreso de la AMP, R\u00edo de Janeiro.\u00a0<i>La violencia y las mujeres en Latinoam\u00e9rica<\/i>, Heloisa Caldas relatora (EBP), Jorge Chamorro (EOL), Mar\u00eda Cristina Giraldo (NEL).<\/li>\n<li style=\"text-align: justify;\">Vel\u00e1squez, Jos\u00e9 Fernando,\u00a0<i>Mutaciones del v\u00ednculo social<\/i>.<\/li>\n<li style=\"text-align: justify;\">Jos\u00e9 Fernando Vel\u00e1squez, coordinador (NEL- Medell\u00edn). Integrantes: Ana Ricaurte (NEL-Guayaquil), Claudio Morgado M. (NEL-Santiago de Chile), Cesar Skaf (Escola Brasileira de Psican\u00e1lise \u2013 Delega\u00e7\u00e3o Paran\u00e1), Mariela Rodr\u00edguez (NEL-La Habana), Maritza Bernia (NEL-La Habana), Tania Aramburo (NEL Cochabamba), Dennis Ram\u00edrez (NEL La Habana),<\/li>\n<\/ol>\n<\/div>\n<\/div><\/div><\/div><\/div><\/div>\n","protected":false},"excerpt":{"rendered":"","protected":false},"author":1,"featured_media":0,"comment_status":"open","ping_status":"open","sticky":false,"template":"","format":"standard","meta":{"_monsterinsights_skip_tracking":false,"_monsterinsights_sitenote_active":false,"_monsterinsights_sitenote_note":"","_monsterinsights_sitenote_category":0,"footnotes":""},"categories":[139,129],"tags":[],"class_list":["post-6767","post","type-post","status-publish","format-standard","hentry","category-informes-mujeres-pt-br","category-observatorios-pt-br"],"_links":{"self":[{"href":"https:\/\/fapol.org\/pt-br\/wp-json\/wp\/v2\/posts\/6767","targetHints":{"allow":["GET"]}}],"collection":[{"href":"https:\/\/fapol.org\/pt-br\/wp-json\/wp\/v2\/posts"}],"about":[{"href":"https:\/\/fapol.org\/pt-br\/wp-json\/wp\/v2\/types\/post"}],"author":[{"embeddable":true,"href":"https:\/\/fapol.org\/pt-br\/wp-json\/wp\/v2\/users\/1"}],"replies":[{"embeddable":true,"href":"https:\/\/fapol.org\/pt-br\/wp-json\/wp\/v2\/comments?post=6767"}],"version-history":[{"count":0,"href":"https:\/\/fapol.org\/pt-br\/wp-json\/wp\/v2\/posts\/6767\/revisions"}],"wp:attachment":[{"href":"https:\/\/fapol.org\/pt-br\/wp-json\/wp\/v2\/media?parent=6767"}],"wp:term":[{"taxonomy":"category","embeddable":true,"href":"https:\/\/fapol.org\/pt-br\/wp-json\/wp\/v2\/categories?post=6767"},{"taxonomy":"post_tag","embeddable":true,"href":"https:\/\/fapol.org\/pt-br\/wp-json\/wp\/v2\/tags?post=6767"}],"curies":[{"name":"wp","href":"https:\/\/api.w.org\/{rel}","templated":true}]}}