{"id":6768,"date":"2016-10-03T17:11:26","date_gmt":"2016-10-03T20:11:26","guid":{"rendered":"https:\/\/fapol.org\/blog\/reuniones-observatorio-la-violencia-y-las-mujeres-en-america-latina-eol-septiembre-2016\/"},"modified":"2016-10-03T17:11:26","modified_gmt":"2016-10-03T20:11:26","slug":"reuniones-observatorio-la-violencia-y-las-mujeres-en-america-latina-eol-septiembre-2016","status":"publish","type":"post","link":"https:\/\/fapol.org\/pt-br\/blog\/reuniones-observatorio-la-violencia-y-las-mujeres-en-america-latina-eol-septiembre-2016\/","title":{"rendered":"Reuniones Observatorio: La violencia y las mujeres en Am\u00e9rica latina &#8211; EOL, Septiembre 2016"},"content":{"rendered":"<div class=\"fusion-fullwidth fullwidth-box fusion-builder-row-1 fusion-flex-container nonhundred-percent-fullwidth non-hundred-percent-height-scrolling\" style=\"--awb-border-radius-top-left:0px;--awb-border-radius-top-right:0px;--awb-border-radius-bottom-right:0px;--awb-border-radius-bottom-left:0px;--awb-flex-wrap:wrap;\" ><div class=\"fusion-builder-row fusion-row fusion-flex-align-items-flex-start fusion-flex-content-wrap\" style=\"max-width:1248px;margin-left: calc(-4% \/ 2 );margin-right: calc(-4% \/ 2 );\"><div class=\"fusion-layout-column fusion_builder_column fusion-builder-column-0 fusion_builder_column_1_1 1_1 fusion-flex-column\" style=\"--awb-bg-size:cover;--awb-width-large:100%;--awb-margin-top-large:0px;--awb-spacing-right-large:1.92%;--awb-margin-bottom-large:20px;--awb-spacing-left-large:1.92%;--awb-width-medium:100%;--awb-order-medium:0;--awb-spacing-right-medium:1.92%;--awb-spacing-left-medium:1.92%;--awb-width-small:100%;--awb-order-small:0;--awb-spacing-right-small:1.92%;--awb-spacing-left-small:1.92%;\"><div class=\"fusion-column-wrapper fusion-column-has-shadow fusion-flex-justify-content-flex-start fusion-content-layout-column\"><div class=\"fusion-text fusion-text-1\"><p style=\"text-align: justify;\">El Observatorio &#8220;La violencia y las mujeres en Latinoam\u00e9rica&#8221; de la EOL ha realizado dos reuniones entre sus participantes para organizar el proyecto que llevar\u00e1 adelante con respecto a la tercera etapa de trabajo propuesta por la FAPOL.<\/p>\n<p style=\"text-align: justify;\">Luego de relevar las distintas tareas que llevan a cabo sus 15 integrantes en distintos \u00e1mbitos de la comunidad (centros de atenci\u00f3n, asesoramientos, orientaci\u00f3n, etc.), debatimos y puntuamos algunos casos donde surgen las diferencias entre nuestra orientaci\u00f3n y los modos de abordaje que suelen impulsarse en la mayor\u00eda de las instituciones, tales como la utilizaci\u00f3n del esquema v\u00edctima\/victimario en lugar de priorizar la responsabilidad del sujeto o las dificultades que se presentan cuando la instituci\u00f3n se centra en la utilidad de cumplir con un protocolo pre-establecido para dar cuenta del caso, mientras que quien dirige el tratamiento se interesa por abrir un espacio de escucha del relato de aquel que consulta.<\/p>\n<p style=\"text-align: justify;\">M\u00e1s all\u00e1 de \u00e9stas y otras diferencias concluimos en la importancia de aprovechar los dispositivos existentes y abocarnos a los puntos de impasse que esas pol\u00edticas presentan, para dar un aporte desde el psicoan\u00e1lisis. Con ese objetivo seleccionaremos algunos casos cl\u00ednicos y, luego de trabajarlos entre nosotros, nos proponemos organizar una reuni\u00f3n abierta a la comunidad donde podamos desplegar lo elaborado para cotejarlo con otros colegas que trabajan en los distintos lugares que se dedican al tema.<\/p>\n<p style=\"text-align: justify;\">Marcelo Marotta<\/p>\n<\/div><\/div><\/div><\/div><\/div>\n","protected":false},"excerpt":{"rendered":"","protected":false},"author":1,"featured_media":0,"comment_status":"open","ping_status":"open","sticky":false,"template":"","format":"standard","meta":{"_monsterinsights_skip_tracking":false,"_monsterinsights_sitenote_active":false,"_monsterinsights_sitenote_note":"","_monsterinsights_sitenote_category":0,"footnotes":""},"categories":[139,129],"tags":[],"class_list":["post-6768","post","type-post","status-publish","format-standard","hentry","category-informes-mujeres-pt-br","category-observatorios-pt-br"],"_links":{"self":[{"href":"https:\/\/fapol.org\/pt-br\/wp-json\/wp\/v2\/posts\/6768","targetHints":{"allow":["GET"]}}],"collection":[{"href":"https:\/\/fapol.org\/pt-br\/wp-json\/wp\/v2\/posts"}],"about":[{"href":"https:\/\/fapol.org\/pt-br\/wp-json\/wp\/v2\/types\/post"}],"author":[{"embeddable":true,"href":"https:\/\/fapol.org\/pt-br\/wp-json\/wp\/v2\/users\/1"}],"replies":[{"embeddable":true,"href":"https:\/\/fapol.org\/pt-br\/wp-json\/wp\/v2\/comments?post=6768"}],"version-history":[{"count":0,"href":"https:\/\/fapol.org\/pt-br\/wp-json\/wp\/v2\/posts\/6768\/revisions"}],"wp:attachment":[{"href":"https:\/\/fapol.org\/pt-br\/wp-json\/wp\/v2\/media?parent=6768"}],"wp:term":[{"taxonomy":"category","embeddable":true,"href":"https:\/\/fapol.org\/pt-br\/wp-json\/wp\/v2\/categories?post=6768"},{"taxonomy":"post_tag","embeddable":true,"href":"https:\/\/fapol.org\/pt-br\/wp-json\/wp\/v2\/tags?post=6768"}],"curies":[{"name":"wp","href":"https:\/\/api.w.org\/{rel}","templated":true}]}}