{"id":6778,"date":"2016-06-01T13:51:40","date_gmt":"2016-06-01T16:51:40","guid":{"rendered":"https:\/\/fapol.org\/blog\/levantamento-da-rede-american-university-rua\/"},"modified":"2016-06-01T13:51:40","modified_gmt":"2016-06-01T16:51:40","slug":"levantamento-da-rede-american-university-rua","status":"publish","type":"post","link":"https:\/\/fapol.org\/pt-br\/blog\/levantamento-da-rede-american-university-rua\/","title":{"rendered":"Levantamento da Rede American University &#8211; RUA"},"content":{"rendered":"<div class=\"fusion-fullwidth fullwidth-box fusion-builder-row-1 fusion-flex-container nonhundred-percent-fullwidth non-hundred-percent-height-scrolling\" style=\"--awb-border-radius-top-left:0px;--awb-border-radius-top-right:0px;--awb-border-radius-bottom-right:0px;--awb-border-radius-bottom-left:0px;--awb-flex-wrap:wrap;\" ><div class=\"fusion-builder-row fusion-row fusion-flex-align-items-flex-start fusion-flex-content-wrap\" style=\"max-width:1248px;margin-left: calc(-4% \/ 2 );margin-right: calc(-4% \/ 2 );\"><div class=\"fusion-layout-column fusion_builder_column fusion-builder-column-0 fusion_builder_column_1_1 1_1 fusion-flex-column\" style=\"--awb-bg-size:cover;--awb-width-large:100%;--awb-margin-top-large:0px;--awb-spacing-right-large:1.92%;--awb-margin-bottom-large:20px;--awb-spacing-left-large:1.92%;--awb-width-medium:100%;--awb-order-medium:0;--awb-spacing-right-medium:1.92%;--awb-spacing-left-medium:1.92%;--awb-width-small:100%;--awb-order-small:0;--awb-spacing-right-small:1.92%;--awb-spacing-left-small:1.92%;\"><div class=\"fusion-column-wrapper fusion-column-has-shadow fusion-flex-justify-content-flex-start fusion-content-layout-column\"><div class=\"fusion-text fusion-text-1\"><p style=\"text-align: justify;\">Estimados colegas:<\/p>\n<p style=\"text-align: justify;\">Depois da Segunda Conversa\u00e7\u00e3o da RUA, no Rio de Janeiro, o Bureau da FAPOL decidiu criar uma Comiss\u00e3o com representantes das tr\u00eas Escolas da Am\u00e9rica para organizar e sustentar o trabalho que esta Rede vem realizando. Haver\u00e1 um respons\u00e1vel de cada Escola encarregado da condu\u00e7\u00e3o dessa tarefa.<\/p>\n<p style=\"text-align: justify;\">A Comiss\u00e3o RUA fica assim composta:<\/p>\n<p style=\"text-align: justify;\"><b>Respons\u00e1veis<\/b><br \/>\nS\u00e9rgio Laia (EBP), Maria Elena Lora, (NEL), Fabian Schejtman (EOL)<\/p>\n<p style=\"text-align: justify;\"><b>Revista<\/b><br \/>\nVera Besset, (EBP), Johnny Gavlovski (NEL), Claudio Godoy (EOL)<\/p>\n<p style=\"text-align: justify;\"><b>Pesquisa<\/b><br \/>\nLucia Gorssi (EBP), Mario Elkin Ramirez (NEL), Ines Sotelo e Mariana Gomez, (EOL).<\/p>\n<p style=\"text-align: justify;\"><b>Rela\u00e7\u00e3o com conselhos, departamentos e outras int\u00e2ncias universit\u00e1rias<\/b><br \/>\nLeny Mrech, (EBP), Carlos Marquez, (NEL) Osvaldo Delgado, (EOL)<\/p>\n<p style=\"text-align: justify;\"><b>Rela\u00e7\u00e3o com o Conselho e a Diretoria das Escolas<\/b><br \/>\nRam Mandil, (EBP), Jose F. Velazquez, (NEL), Fabian Naparstek, (EOL)<\/p>\n<p style=\"text-align: justify;\"><b>Levantamento das atividades dos participantes de RUA<\/b><br \/>\nLouise Lhulier, (EBP), Jimena Contreras, (NEL), Jorge Assef, (EOL).<\/p>\n<p style=\"text-align: justify;\"><b>Modera\u00e7\u00e3o da lista Ruamailing<\/b><br \/>\nJorge Assef, (EOL)<\/p>\n<p style=\"text-align: justify;\">Retomando um dos temas que surgiram nessa Conversa\u00e7\u00e3o, o Bureau decidiu tamb\u00e9m avan\u00e7ar no levantamento das atividades de ensino, pesquisa e extens\u00e3o, que os participantes de RUA conduzem dentro da Universidade. Com esse objetivo, a Comiss\u00e3o RUA confeccionou um primeiro question\u00e1rio que deve ser preenchido apenas pelos participantes de RUA que, nas institui\u00e7\u00f5es universit\u00e1rias, ocupem os seguintes cargos:<\/p>\n<p style=\"text-align: justify;\"><b>ENSINO:<\/b><br \/>\n1. Professores de disciplinas em Cursos universit\u00e1rios de Gradua\u00e7\u00e3o<br \/>\n2. Professores de disciplinas em Cursos universit\u00e1rios de P\u00f3s-Gradua\u00e7\u00e3o<br \/>\n3. Coordenadores de Programas de P\u00f3s-Gradua\u00e7\u00e3o<\/p>\n<p style=\"text-align: justify;\"><b>PESQUISA:<\/b><br \/>\n1. Coordenadores de projetos de pesquisa aprovados por suas respectivas institui\u00e7\u00f5es de ensino superior e\/ou ag\u00eancias de fomento (CNPq, Funda\u00e7\u00f5es de Amparo \u00e0 Pesquisa, CAPES, etc).<br \/>\n2. L\u00edderes e\/ou Coordenadores de Institutos, Laborat\u00f3rios e\/ou Grupos de Pesquisa vinculados a institui\u00e7\u00f5es de ensino superior e\/ou ao CNPq.<\/p>\n<p style=\"text-align: justify;\"><b>EXTENS\u00c3O:<\/b><br \/>\n1. Coordenadores de projetos de extens\u00e3o universit\u00e1ria<br \/>\n2. Coordenadores de institui\u00e7\u00f5es vinculadas \u00e0 extens\u00e3o universit\u00e1ria (por exemplo, Cl\u00ednicas universit\u00e1rias de atendimento, Cursos de extens\u00e3o, etc)<\/p>\n<p style=\"text-align: justify;\">Por favor, preencha esta pesquisa entre os dias de 22 de junho e 13 de agosto.<\/p>\n<p style=\"text-align: justify;\">Agradecemos antecipadamente a colocabora\u00e7\u00e3o nesta tarefa.<\/p>\n<p style=\"text-align: justify;\">Sauda\u00e7\u00f5es cordiais,<\/p>\n<p style=\"text-align: justify;\">Flory Kruger<br \/>\nCristina Gonz\u00e1lez<br \/>\nR\u00f4mulo Ferreira da Silva<\/p>\n<\/div><\/div><\/div><\/div><\/div>\n","protected":false},"excerpt":{"rendered":"","protected":false},"author":1,"featured_media":0,"comment_status":"open","ping_status":"open","sticky":false,"template":"","format":"standard","meta":{"_monsterinsights_skip_tracking":false,"_monsterinsights_sitenote_active":false,"_monsterinsights_sitenote_note":"","_monsterinsights_sitenote_category":0,"footnotes":""},"categories":[125,126],"tags":[],"class_list":["post-6778","post","type-post","status-publish","format-standard","hentry","category-informes-rua-pt-br","category-redes-pt-br"],"_links":{"self":[{"href":"https:\/\/fapol.org\/pt-br\/wp-json\/wp\/v2\/posts\/6778","targetHints":{"allow":["GET"]}}],"collection":[{"href":"https:\/\/fapol.org\/pt-br\/wp-json\/wp\/v2\/posts"}],"about":[{"href":"https:\/\/fapol.org\/pt-br\/wp-json\/wp\/v2\/types\/post"}],"author":[{"embeddable":true,"href":"https:\/\/fapol.org\/pt-br\/wp-json\/wp\/v2\/users\/1"}],"replies":[{"embeddable":true,"href":"https:\/\/fapol.org\/pt-br\/wp-json\/wp\/v2\/comments?post=6778"}],"version-history":[{"count":0,"href":"https:\/\/fapol.org\/pt-br\/wp-json\/wp\/v2\/posts\/6778\/revisions"}],"wp:attachment":[{"href":"https:\/\/fapol.org\/pt-br\/wp-json\/wp\/v2\/media?parent=6778"}],"wp:term":[{"taxonomy":"category","embeddable":true,"href":"https:\/\/fapol.org\/pt-br\/wp-json\/wp\/v2\/categories?post=6778"},{"taxonomy":"post_tag","embeddable":true,"href":"https:\/\/fapol.org\/pt-br\/wp-json\/wp\/v2\/tags?post=6778"}],"curies":[{"name":"wp","href":"https:\/\/api.w.org\/{rel}","templated":true}]}}